{"id":238,"date":"2025-06-27T10:01:21","date_gmt":"2025-06-27T10:01:21","guid":{"rendered":"https:\/\/www.driveterceira.com\/musica-ao-vivo-e-vida-nocturna-na-ilha-terceira\/"},"modified":"2026-04-20T14:16:09","modified_gmt":"2026-04-20T14:16:09","slug":"musica-ao-vivo-e-vida-nocturna-na-ilha-terceira","status":"publish","type":"post","link":"https:\/\/www.driveterceira.com\/pt-pt\/musica-ao-vivo-e-vida-nocturna-na-ilha-terceira\/","title":{"rendered":"M\u00fasica ao vivo e vida nocturna na Ilha Terceira"},"content":{"rendered":"\n<p>A Ilha Terceira pode ser conhecida pelas suas paisagens deslumbrantes e pelas suas ricas tradi\u00e7\u00f5es culturais, mas quando o sol se p\u00f5e, esta joia dos A\u00e7ores ganha vida de uma forma completamente diferente. Quer goste de m\u00fasica ao vivo num ambiente intimista, de dan\u00e7ar at\u00e9 ao amanhecer ou de saborear um copo de vinho num bar acolhedor, h\u00e1 aqui algo para todos os noct\u00edvagos. <\/p>\n\n<p>But first \u2013 a quick trip down memory lane.<\/p>\n\n<figure class=\"wp-block-image size-full\"><img loading=\"lazy\" decoding=\"async\" width=\"1024\" height=\"1024\" src=\"https:\/\/www.driveterceira.com\/wp-content\/uploads\/2025\/06\/DIscoteca-Lareira-4500AMZ-amazon-ready.png\" alt=\"\" class=\"wp-image-637\" srcset=\"https:\/\/www.driveterceira.com\/wp-content\/uploads\/2025\/06\/DIscoteca-Lareira-4500AMZ-amazon-ready.png 1024w, https:\/\/www.driveterceira.com\/wp-content\/uploads\/2025\/06\/DIscoteca-Lareira-4500AMZ-amazon-ready-980x980.png 980w, https:\/\/www.driveterceira.com\/wp-content\/uploads\/2025\/06\/DIscoteca-Lareira-4500AMZ-amazon-ready-480x480.png 480w\" sizes=\"(min-width: 0px) and (max-width: 480px) 480px, (min-width: 481px) and (max-width: 980px) 980px, (min-width: 981px) 1024px, 100vw\" \/><\/figure>\n\n<h3 class=\"wp-block-heading\">Os Anos Dourados da Vida Nocturna da Terceira<\/h3>\n\n<p>Na d\u00e9cada de 1990 e no in\u00edcio dos anos 2000, a vida noturna da ilha era lend\u00e1ria. No seu auge, <strong>a Lareira<\/strong>, <strong>a Boleia<\/strong> e a <strong>Twins<\/strong> eram o cora\u00e7\u00e3o dos fins de semana \u2014 enormes discotecas onde os locais e os americanos de visita festejavam lado a lado. As pessoas come\u00e7avam a noite por volta da meia-noite e dan\u00e7avam at\u00e9 ao nascer do sol. O Lareira era famoso pelas suas pistas de dan\u00e7a em v\u00e1rios n\u00edveis, o Boleia atra\u00eda multid\u00f5es com o seu ambiente de praia e o Twins trazia DJs e luzes pulsantes que rivalizavam com as discotecas do continente.   <\/p>\n\n<p>Essa era pode ter desaparecido, mas a vida nocturna da Terceira evoluiu &#8211; e est\u00e1 a prosperar de formas novas e criativas.<\/p>\n\n<p><\/p>\n\n<h2 class=\"wp-block-heading\"><strong>Locais com m\u00fasica ao vivo e vida noturna na Terceira (agora)<\/strong><\/h2>\n\n<h3 class=\"wp-block-heading\">1. Taberna Dona Viola \/ <strong>Taberna do Fado \u2013 Angra do Hero\u00edsmo<\/strong><\/h3>\n\n<p>Poucas experi\u00eancias culturais captam a ess\u00eancia de Portugal como o <strong>fado<\/strong>, e na Taberna Dona Viola \u2014 anteriormente conhecida como <em>Taberna do Fado<\/em> \u2014 essa emo\u00e7\u00e3o est\u00e1 presente em cada acorde. Esta pequena taberna r\u00fastica d\u00e1 a sensa\u00e7\u00e3o de entrar no Portugal de outrora: mesas de madeira, paredes de pedra, a luz tremeluzente das velas e um sil\u00eancio que se instala quando as primeiras notas soam. As vozes sobem e descem com a saudade \u2014 aquele sentimento profundo e intraduz\u00edvel de nostalgia \u2014 e as guitarras tecem melodias que parecem respirar hist\u00f3ria. N\u00e3o \u00e9 apenas m\u00fasica; \u00e9 narrativa, tradi\u00e7\u00e3o e alma vertidas numa can\u00e7\u00e3o.   <\/p>\n\n<p>As noites aqui decorrem lentamente, de forma intencional. Pode saborear um copo de vinho tinto do Pico ou deliciar-se com petiscos locais enquanto a sala se envolve num sil\u00eancio \u00edntimo, com todos os olhos postos na fadista, \u00e0 luz quente das l\u00e2mpadas. As atua\u00e7\u00f5es s\u00e3o \u00edntimas e pessoais, com o p\u00fablico a poucos passos dos m\u00fasicos, fazendo com que cada noite pare\u00e7a um segredo partilhado. Para os viajantes que procuram algo aut\u00eantico \u2014 n\u00e3o encenado, n\u00e3o comercial \u2014 esta \u00e9 uma das formas mais marcantes de vivenciar os A\u00e7ores. \u00c9 romance, cultura e patrim\u00f3nio na sua forma mais pura \u2014 uma noite que levar\u00e1 consigo muito depois de a m\u00fasica se ter desvanecido.    <\/p>\n\n<figure class=\"wp-block-image size-full\"><img loading=\"lazy\" decoding=\"async\" width=\"1632\" height=\"640\" src=\"https:\/\/www.driveterceira.com\/wp-content\/uploads\/2025\/06\/Drive-Terceira-Fado-Terceira-Azores.png\" alt=\"\" class=\"wp-image-644\" srcset=\"https:\/\/www.driveterceira.com\/wp-content\/uploads\/2025\/06\/Drive-Terceira-Fado-Terceira-Azores.png 1632w, https:\/\/www.driveterceira.com\/wp-content\/uploads\/2025\/06\/Drive-Terceira-Fado-Terceira-Azores-1280x502.png 1280w, https:\/\/www.driveterceira.com\/wp-content\/uploads\/2025\/06\/Drive-Terceira-Fado-Terceira-Azores-980x384.png 980w, https:\/\/www.driveterceira.com\/wp-content\/uploads\/2025\/06\/Drive-Terceira-Fado-Terceira-Azores-480x188.png 480w\" sizes=\"(min-width: 0px) and (max-width: 480px) 480px, (min-width: 481px) and (max-width: 980px) 980px, (min-width: 981px) and (max-width: 1280px) 1280px, (min-width: 1281px) 1632px, 100vw\" \/><\/figure>\n\n<h3 class=\"wp-block-heading\">2. <strong>Wine Not \u2013 Angra do Hero\u00edsmo<\/strong><\/h3>\n\n<p>Se lhe apetece algo animado, mas requintado, o <strong>Wine Not<\/strong> \u00e9 o tipo de lugar que torna uma noite especial sem esfor\u00e7o. Com um interior moderno e elegante e uma carta de vinhos que destaca tanto os cl\u00e1ssicos portugueses como novas e interessantes descobertas, \u00e9 o local ideal para quem aprecia um bom copo de vinho acompanhado de boa conversa. Os fins de semana costumam trazer m\u00fasica ao vivo \u2014 pense em atua\u00e7\u00f5es ac\u00fasticas, smooth jazz ou indie portugu\u00eas \u2014, conferindo ao espa\u00e7o um ambiente acolhedor e animado que o incentiva a ficar por l\u00e1. Acrescente petiscos para saborear, uma equipa simp\u00e1tica e um p\u00fablico que mistura locais com viajantes, e ter\u00e1 um dos locais mais elegantes de Angra para uma noite descontra\u00edda, mas cheia de energia.   <\/p>\n\n<h3 class=\"wp-block-heading\">3. <strong>Livra Doce Libro \u2013 Angra do Hero\u00edsmo<\/strong><\/h3>\n\n<p>Escondida no cora\u00e7\u00e3o de Angra do Hero\u00edsmo, a Livra Doce Libro \u00e9 o local onde os livros, o caf\u00e9 e a comunidade se encontram \u2014 e, \u00e0 noite, esta acolhedora livraria-caf\u00e9 transforma-se num encantador ref\u00fagio cultural. Durante o dia, pode folhear prateleiras repletas de romances, saborear um caf\u00e9 expresso intenso ou conversar tranquilamente enquanto saboreia um doce. Mas \u00e0 medida que o sol se p\u00f5e e as luzes se atenuam, o ambiente muda: com ilumina\u00e7\u00e3o suave, m\u00fasica tranquila e, ocasionalmente, atua\u00e7\u00f5es ao vivo ou recitais de poesia, a Livra Doce Libro torna-se um ref\u00fagio acolhedor para quem procura uma sa\u00edda \u00e0 noite com um ritmo mais lento e um esp\u00edrito art\u00edstico.  <\/p>\n\n<p>\u00c9 o tipo de lugar que convida a ficar por l\u00e1: onde se pode passar uma hora a ler \u00e0 luz de um candeeiro, ou ficar mais tempo a ouvir m\u00fasicos, poetas ou contadores de hist\u00f3rias num palco aberto. As conversas fluem facilmente aqui \u2014 em mesas partilhadas, acompanhadas por uma bebida quente, em torno da arte. Se procura um recanto mais tranquilo e contemplativo da vida noturna da Terceira \u2014 um lugar com alma, conversas e energia criativa, em vez de batidas altas e pistas de dan\u00e7a lotadas \u2014, o Livra Doce Libro \u00e9 o destino perfeito para a sua noite.  <\/p>\n\n<figure class=\"wp-block-image size-large\"><img loading=\"lazy\" decoding=\"async\" width=\"1024\" height=\"683\" src=\"https:\/\/www.driveterceira.com\/wp-content\/uploads\/2025\/06\/Drive-Terceira-Live-Music-Nightlife-Terceira-Azores-1024x683.jpeg\" alt=\"\" class=\"wp-image-646\" srcset=\"https:\/\/www.driveterceira.com\/wp-content\/uploads\/2025\/06\/Drive-Terceira-Live-Music-Nightlife-Terceira-Azores-980x653.jpeg 980w, https:\/\/www.driveterceira.com\/wp-content\/uploads\/2025\/06\/Drive-Terceira-Live-Music-Nightlife-Terceira-Azores-480x320.jpeg 480w\" sizes=\"(min-width: 0px) and (max-width: 480px) 480px, (min-width: 481px) and (max-width: 980px) 980px, (min-width: 981px) 1024px, 100vw\" \/><\/figure>\n\n<h3 class=\"wp-block-heading\">4. <strong>The Vinyl Lounge (Sound Store) \u2013 Angra do Hero\u00edsmo<\/strong><\/h3>\n\n<p>Escondido no interior da Soundstore \u2014 a adorada loja de vinis de Angra \u2014, o <strong>The Vinyl Lounge<\/strong> \u00e9 um daqueles locais de que s\u00f3 se ouve falar por parte de quem conhece <em>realmente <\/em>a ilha. Durante o dia, est\u00e1 repleto de discos e recorda\u00e7\u00f5es musicais, mas ao cair da noite, as luzes suavizam-se, os cocktails fluem e os DJs d\u00e3o vida ao espa\u00e7o com o calor do vinil a crepitar. Espere por ritmos que celebram os cl\u00e1ssicos \u2014 funk, disco, soul, house \u2014 todos misturados com inten\u00e7\u00e3o, em vez de volume. N\u00e3o \u00e9 um ambiente de discoteca com batidas fortes; \u00e9 um <em>espa\u00e7o para ouvir m\u00fasica<\/em> com um car\u00e1cter retro, estilo contempor\u00e2neo e uma alma inconfund\u00edvel de amante da m\u00fasica.   <\/p>\n\n<p>O que o torna especial \u00e9 o ambiente \u2014 intimista, com ilumina\u00e7\u00e3o suave, criativo e concebido tanto para a conversa como para a m\u00fasica. Pode saborear uma bebida, dar uma vista de olhos nas prateleiras de discos e colocar a agulha a tocar enquanto relaxa com os locais que apreciam a boa cultura musical. Nas noites de evento, o local fervilha de energia, mas mesmo quando o ambiente \u00e9 descontra\u00eddo, h\u00e1 uma sensa\u00e7\u00e3o de intimidade e exclusividade que faz com que os visitantes sintam que descobriram algo aut\u00eantico. Se procura uma vida noturna na Terceira que seja mais relaxante, ao estilo de um <em>bar de vinil<\/em>, do que agitada, com <em>pista de dan\u00e7a<\/em>, este \u00e9 sem d\u00favida o local ideal.   <\/p>\n\n<figure class=\"wp-block-image size-large\"><img loading=\"lazy\" decoding=\"async\" width=\"1024\" height=\"535\" src=\"https:\/\/www.driveterceira.com\/wp-content\/uploads\/2025\/06\/Gemini_Generated_Image_p0ql35p0ql35p0ql-1024x535.png\" alt=\"\" class=\"wp-image-647\" srcset=\"https:\/\/www.driveterceira.com\/wp-content\/uploads\/2025\/06\/Gemini_Generated_Image_p0ql35p0ql35p0ql-980x512.png 980w, https:\/\/www.driveterceira.com\/wp-content\/uploads\/2025\/06\/Gemini_Generated_Image_p0ql35p0ql35p0ql-480x251.png 480w\" sizes=\"(min-width: 0px) and (max-width: 480px) 480px, (min-width: 481px) and (max-width: 980px) 980px, (min-width: 981px) 1024px, 100vw\" \/><\/figure>\n\n<h3 class=\"wp-block-heading\">5. <strong>Centro Cultural de Angra \u2013 Teatro Angrense<\/strong><\/h3>\n\n<p>Para quem deseja explorar a vida noturna da Terceira, mas n\u00e3o procura exclusivamente bares ou discotecas, o Teatro Angrense oferece algo diferente \u2014 uma op\u00e7\u00e3o rica em cultura e com grande impacto emocional. A sua combina\u00e7\u00e3o de arquitetura hist\u00f3rica, espet\u00e1culos de qualidade e variedade de eventos significa que uma sa\u00edda \u00e0 noite aqui pode ser um recital de guitarra cl\u00e1ssica, um concerto de m\u00fasica moderna, uma pe\u00e7a de teatro ou um espet\u00e1culo de uma digress\u00e3o nacional portuguesa. <\/p>\n\n<p>Assistir a um espet\u00e1culo no Teatro Angrense permite-lhe estabelecer uma liga\u00e7\u00e3o \u2014 n\u00e3o s\u00f3 social, mas tamb\u00e9m cultural \u2014 com as tradi\u00e7\u00f5es e as tend\u00eancias contempor\u00e2neas dos A\u00e7ores. Quer resida na regi\u00e3o ou esteja apenas de visita, \u00e9 uma forma de descobrir um lado mais profundo, tranquilo e significativo da \u00abvida noturna\u00bb. <\/p>\n\n<figure class=\"wp-block-image size-full\"><img loading=\"lazy\" decoding=\"async\" width=\"1248\" height=\"669\" src=\"https:\/\/www.driveterceira.com\/wp-content\/uploads\/2025\/06\/Drive-Terceira-Nightlife-Live-Music-Terceira-Azores-1.png\" alt=\"\" class=\"wp-image-649\" srcset=\"https:\/\/www.driveterceira.com\/wp-content\/uploads\/2025\/06\/Drive-Terceira-Nightlife-Live-Music-Terceira-Azores-1.png 1248w, https:\/\/www.driveterceira.com\/wp-content\/uploads\/2025\/06\/Drive-Terceira-Nightlife-Live-Music-Terceira-Azores-1-980x525.png 980w, https:\/\/www.driveterceira.com\/wp-content\/uploads\/2025\/06\/Drive-Terceira-Nightlife-Live-Music-Terceira-Azores-1-480x257.png 480w\" sizes=\"(min-width: 0px) and (max-width: 480px) 480px, (min-width: 481px) and (max-width: 980px) 980px, (min-width: 981px) 1248px, 100vw\" \/><\/figure>\n\n<h3 class=\"wp-block-heading\">6. <strong>Green Caf\u00e9 \u2013 Angra do Hero\u00edsmo<\/strong><\/h3>\n\n<p>Moderno, luminoso e cheio de energia, o Green Caf\u00e9 \u00e9 um dos locais de conv\u00edvio mais populares de Angra. Apresenta regularmente m\u00fasica ao vivo, DJs e noites tem\u00e1ticas \u2014 desde artistas a\u00e7orianos a atua\u00e7\u00f5es de m\u00fasica eletr\u00f3nica. Com esplanada interior e exterior, \u00e9 um local excelente para tomar um cocktail, assistir a um espet\u00e1culo e absorver a atmosfera criativa da ilha.  <\/p>\n\n<p><\/p>\n\n<h3 class=\"wp-block-heading\">7. <strong>Porta 42 \u2013 Angra do Hero\u00edsmo<\/strong><\/h3>\n\n<p>Um espa\u00e7o criativo e ecl\u00e9tico escondido na cidade, o Porta 42 \u00e9 em parte galeria de arte, em parte espa\u00e7o de espet\u00e1culos e em parte centro comunit\u00e1rio. Conhecido pelos seus concertos indie, noites de microfone aberto, palestras culturais e ambiente alternativo, este local atrai artistas, m\u00fasicos e todos aqueles com curiosidade criativa. Nunca se sabe bem o que se vai encontrar \u2014 e \u00e9 isso que lhe d\u00e1 o seu encanto.  <\/p>\n\n<figure class=\"wp-block-image size-full\"><img loading=\"lazy\" decoding=\"async\" width=\"566\" height=\"350\" src=\"https:\/\/www.driveterceira.com\/wp-content\/uploads\/2025\/06\/Drive-Terceira-Nightlife-Discoteca-Terceira-Azores.png\" alt=\"\" class=\"wp-image-636\" srcset=\"https:\/\/www.driveterceira.com\/wp-content\/uploads\/2025\/06\/Drive-Terceira-Nightlife-Discoteca-Terceira-Azores.png 566w, https:\/\/www.driveterceira.com\/wp-content\/uploads\/2025\/06\/Drive-Terceira-Nightlife-Discoteca-Terceira-Azores-480x297.png 480w\" sizes=\"(min-width: 0px) and (max-width: 480px) 480px, (min-width: 481px) 566px, 100vw\" \/><\/figure>\n\n<h3 class=\"wp-block-heading\">8. <strong>Festas de Ver\u00e3o e festas p\u00f3s-touradas \u2013 Em toda a ilha<\/strong><\/h3>\n\n<p>Embora n\u00e3o sejam locais abertos o ano inteiro, estes eventos de ver\u00e3o s\u00e3o lend\u00e1rios. Durante o <strong>Festival das Sanjoaninas<\/strong> e ao longo da \u00e9poca das touradas, a ilha organiza festas de rua com food trucks, tendas de cerveja e m\u00fasica ao vivo at\u00e9 altas horas da madrugada. <\/p>\n\n<h3 class=\"wp-block-heading\">9. <strong>Eventos sazonais na Marina de Angra<\/strong><\/h3>\n\n<p>Nos meses de ver\u00e3o, a marina transforma-se num ponto de encontro muito animado. Com bares tempor\u00e1rios, DJs ao vivo e palcos \u00e0 beira-mar, \u00e9 o local perfeito para dan\u00e7ar sob as estrelas ou saborear cocktails \u00e0 beira-mar. <\/p>\n\n<h3 class=\"wp-block-heading\">10. <strong>Espet\u00e1culos pop-up e surpresa<\/strong><\/h3>\n\n<p>Parte do encanto da Terceira reside na sua espontaneidade. Desde concertos improvisados em pra\u00e7as p\u00fablicas a atua\u00e7\u00f5es surpresa em bares de vinhos, mantenha os ouvidos atentos e a c\u00e2mara \u00e0 m\u00e3o \u2014 aqui, \u00e9 a m\u00fasica que vem ter consigo. <\/p>\n\n<p><\/p>\n\n<h3 class=\"wp-block-heading\">Sugest\u00e3o local:<\/h3>\n\n<p>A vida noturna na Terceira costuma come\u00e7ar tarde \u2014 \u00e9 comum as pessoas sa\u00edrem por volta das 22h ou 23h. Ter um carro alugado facilita a explora\u00e7\u00e3o tanto de Angra como da Praia na mesma noite, especialmente durante a \u00e9poca dos festivais. <\/p>\n","protected":false},"excerpt":{"rendered":"<p>A Ilha Terceira pode ser conhecida pelas suas paisagens deslumbrantes e pelas suas ricas tradi\u00e7\u00f5es culturais, mas quando o sol se p\u00f5e, esta joia dos A\u00e7ores ganha vida de uma forma completamente diferente. Quer goste de m\u00fasica ao vivo num ambiente intimista, de dan\u00e7ar at\u00e9 ao amanhecer ou de saborear um copo de vinho num [&hellip;]<\/p>\n","protected":false},"author":1,"featured_media":643,"comment_status":"closed","ping_status":"closed","sticky":false,"template":"","format":"standard","meta":{"_et_pb_use_builder":"off","_et_pb_old_content":"","_et_gb_content_width":"","footnotes":""},"categories":[13],"tags":[],"class_list":["post-238","post","type-post","status-publish","format-standard","has-post-thumbnail","hentry","category-blog-pt-pt"],"yoast_head":"<!-- This site is optimized with the Yoast SEO plugin v27.4 - https:\/\/yoast.com\/product\/yoast-seo-wordpress\/ -->\n<title>M\u00fasica ao vivo e vida nocturna na Ilha Terceira - Drive Terceira<\/title>\n<meta name=\"robots\" content=\"index, follow, max-snippet:-1, max-image-preview:large, max-video-preview:-1\" \/>\n<link rel=\"canonical\" href=\"https:\/\/www.driveterceira.com\/pt-pt\/musica-ao-vivo-e-vida-nocturna-na-ilha-terceira\/\" \/>\n<meta property=\"og:locale\" content=\"pt_PT\" \/>\n<meta property=\"og:type\" content=\"article\" \/>\n<meta property=\"og:title\" content=\"M\u00fasica ao vivo e vida nocturna na Ilha Terceira - Drive Terceira\" \/>\n<meta property=\"og:description\" content=\"A Ilha Terceira pode ser conhecida pelas suas paisagens deslumbrantes e pelas suas ricas tradi\u00e7\u00f5es culturais, mas quando o sol se p\u00f5e, esta joia dos A\u00e7ores ganha vida de uma forma completamente diferente. Quer goste de m\u00fasica ao vivo num ambiente intimista, de dan\u00e7ar at\u00e9 ao amanhecer ou de saborear um copo de vinho num [&hellip;]\" \/>\n<meta property=\"og:url\" content=\"https:\/\/www.driveterceira.com\/pt-pt\/musica-ao-vivo-e-vida-nocturna-na-ilha-terceira\/\" \/>\n<meta property=\"og:site_name\" content=\"Drive Terceira\" \/>\n<meta property=\"article:published_time\" content=\"2025-06-27T10:01:21+00:00\" \/>\n<meta property=\"article:modified_time\" content=\"2026-04-20T14:16:09+00:00\" \/>\n<meta property=\"og:image\" content=\"https:\/\/www.driveterceira.com\/wp-content\/uploads\/2025\/06\/Drive-Terceira-Nuno-Bettencourt-Rock-Concert-Terceira-Azores.jpg\" \/>\n\t<meta property=\"og:image:width\" content=\"2048\" \/>\n\t<meta property=\"og:image:height\" content=\"1152\" \/>\n\t<meta property=\"og:image:type\" content=\"image\/jpeg\" \/>\n<meta name=\"author\" content=\"designw4m\" \/>\n<meta name=\"twitter:card\" content=\"summary_large_image\" \/>\n<meta name=\"twitter:label1\" content=\"Escrito por\" \/>\n\t<meta name=\"twitter:data1\" content=\"designw4m\" \/>\n\t<meta name=\"twitter:label2\" content=\"Tempo estimado de leitura\" \/>\n\t<meta name=\"twitter:data2\" content=\"8 minutos\" \/>\n<script type=\"application\/ld+json\" class=\"yoast-schema-graph\">{\"@context\":\"https:\\\/\\\/schema.org\",\"@graph\":[{\"@type\":\"Article\",\"@id\":\"https:\\\/\\\/www.driveterceira.com\\\/pt-pt\\\/musica-ao-vivo-e-vida-nocturna-na-ilha-terceira\\\/#article\",\"isPartOf\":{\"@id\":\"https:\\\/\\\/www.driveterceira.com\\\/pt-pt\\\/musica-ao-vivo-e-vida-nocturna-na-ilha-terceira\\\/\"},\"author\":{\"name\":\"designw4m\",\"@id\":\"https:\\\/\\\/www.driveterceira.com\\\/pt-pt\\\/#\\\/schema\\\/person\\\/0a90e5000b2022a00ec4639a1df099e0\"},\"headline\":\"M\u00fasica ao vivo e vida nocturna na Ilha Terceira\",\"datePublished\":\"2025-06-27T10:01:21+00:00\",\"dateModified\":\"2026-04-20T14:16:09+00:00\",\"mainEntityOfPage\":{\"@id\":\"https:\\\/\\\/www.driveterceira.com\\\/pt-pt\\\/musica-ao-vivo-e-vida-nocturna-na-ilha-terceira\\\/\"},\"wordCount\":1601,\"publisher\":{\"@id\":\"https:\\\/\\\/www.driveterceira.com\\\/pt-pt\\\/#organization\"},\"image\":{\"@id\":\"https:\\\/\\\/www.driveterceira.com\\\/pt-pt\\\/musica-ao-vivo-e-vida-nocturna-na-ilha-terceira\\\/#primaryimage\"},\"thumbnailUrl\":\"https:\\\/\\\/www.driveterceira.com\\\/wp-content\\\/uploads\\\/2025\\\/06\\\/Drive-Terceira-Nuno-Bettencourt-Rock-Concert-Terceira-Azores.jpg\",\"articleSection\":[\"Blog\"],\"inLanguage\":\"pt-PT\"},{\"@type\":\"WebPage\",\"@id\":\"https:\\\/\\\/www.driveterceira.com\\\/pt-pt\\\/musica-ao-vivo-e-vida-nocturna-na-ilha-terceira\\\/\",\"url\":\"https:\\\/\\\/www.driveterceira.com\\\/pt-pt\\\/musica-ao-vivo-e-vida-nocturna-na-ilha-terceira\\\/\",\"name\":\"M\u00fasica ao vivo e vida nocturna na Ilha Terceira - Drive Terceira\",\"isPartOf\":{\"@id\":\"https:\\\/\\\/www.driveterceira.com\\\/pt-pt\\\/#website\"},\"primaryImageOfPage\":{\"@id\":\"https:\\\/\\\/www.driveterceira.com\\\/pt-pt\\\/musica-ao-vivo-e-vida-nocturna-na-ilha-terceira\\\/#primaryimage\"},\"image\":{\"@id\":\"https:\\\/\\\/www.driveterceira.com\\\/pt-pt\\\/musica-ao-vivo-e-vida-nocturna-na-ilha-terceira\\\/#primaryimage\"},\"thumbnailUrl\":\"https:\\\/\\\/www.driveterceira.com\\\/wp-content\\\/uploads\\\/2025\\\/06\\\/Drive-Terceira-Nuno-Bettencourt-Rock-Concert-Terceira-Azores.jpg\",\"datePublished\":\"2025-06-27T10:01:21+00:00\",\"dateModified\":\"2026-04-20T14:16:09+00:00\",\"breadcrumb\":{\"@id\":\"https:\\\/\\\/www.driveterceira.com\\\/pt-pt\\\/musica-ao-vivo-e-vida-nocturna-na-ilha-terceira\\\/#breadcrumb\"},\"inLanguage\":\"pt-PT\",\"potentialAction\":[{\"@type\":\"ReadAction\",\"target\":[\"https:\\\/\\\/www.driveterceira.com\\\/pt-pt\\\/musica-ao-vivo-e-vida-nocturna-na-ilha-terceira\\\/\"]}]},{\"@type\":\"ImageObject\",\"inLanguage\":\"pt-PT\",\"@id\":\"https:\\\/\\\/www.driveterceira.com\\\/pt-pt\\\/musica-ao-vivo-e-vida-nocturna-na-ilha-terceira\\\/#primaryimage\",\"url\":\"https:\\\/\\\/www.driveterceira.com\\\/wp-content\\\/uploads\\\/2025\\\/06\\\/Drive-Terceira-Nuno-Bettencourt-Rock-Concert-Terceira-Azores.jpg\",\"contentUrl\":\"https:\\\/\\\/www.driveterceira.com\\\/wp-content\\\/uploads\\\/2025\\\/06\\\/Drive-Terceira-Nuno-Bettencourt-Rock-Concert-Terceira-Azores.jpg\",\"width\":2048,\"height\":1152,\"caption\":\"Passeios pela Terceira - Nuno Bettencourt - Aluguer de autom\u00f3veis - Vida noturna na Terceira, A\u00e7ores\"},{\"@type\":\"BreadcrumbList\",\"@id\":\"https:\\\/\\\/www.driveterceira.com\\\/pt-pt\\\/musica-ao-vivo-e-vida-nocturna-na-ilha-terceira\\\/#breadcrumb\",\"itemListElement\":[{\"@type\":\"ListItem\",\"position\":1,\"name\":\"Home\",\"item\":\"https:\\\/\\\/www.driveterceira.com\\\/pt-pt\\\/\"},{\"@type\":\"ListItem\",\"position\":2,\"name\":\"M\u00fasica ao vivo e vida nocturna na Ilha Terceira\"}]},{\"@type\":\"WebSite\",\"@id\":\"https:\\\/\\\/www.driveterceira.com\\\/pt-pt\\\/#website\",\"url\":\"https:\\\/\\\/www.driveterceira.com\\\/pt-pt\\\/\",\"name\":\"Drive Terceira\",\"description\":\"Rent-a-Car in Terceira Island, Azores\",\"publisher\":{\"@id\":\"https:\\\/\\\/www.driveterceira.com\\\/pt-pt\\\/#organization\"},\"potentialAction\":[{\"@type\":\"SearchAction\",\"target\":{\"@type\":\"EntryPoint\",\"urlTemplate\":\"https:\\\/\\\/www.driveterceira.com\\\/pt-pt\\\/?s={search_term_string}\"},\"query-input\":{\"@type\":\"PropertyValueSpecification\",\"valueRequired\":true,\"valueName\":\"search_term_string\"}}],\"inLanguage\":\"pt-PT\"},{\"@type\":\"Organization\",\"@id\":\"https:\\\/\\\/www.driveterceira.com\\\/pt-pt\\\/#organization\",\"name\":\"Drive Terceira\",\"url\":\"https:\\\/\\\/www.driveterceira.com\\\/pt-pt\\\/\",\"logo\":{\"@type\":\"ImageObject\",\"inLanguage\":\"pt-PT\",\"@id\":\"https:\\\/\\\/www.driveterceira.com\\\/pt-pt\\\/#\\\/schema\\\/logo\\\/image\\\/\",\"url\":\"https:\\\/\\\/www.driveterceira.com\\\/wp-content\\\/uploads\\\/2025\\\/05\\\/logo.png\",\"contentUrl\":\"https:\\\/\\\/www.driveterceira.com\\\/wp-content\\\/uploads\\\/2025\\\/05\\\/logo.png\",\"width\":500,\"height\":92,\"caption\":\"Drive Terceira\"},\"image\":{\"@id\":\"https:\\\/\\\/www.driveterceira.com\\\/pt-pt\\\/#\\\/schema\\\/logo\\\/image\\\/\"}},{\"@type\":\"Person\",\"@id\":\"https:\\\/\\\/www.driveterceira.com\\\/pt-pt\\\/#\\\/schema\\\/person\\\/0a90e5000b2022a00ec4639a1df099e0\",\"name\":\"designw4m\",\"image\":{\"@type\":\"ImageObject\",\"inLanguage\":\"pt-PT\",\"@id\":\"https:\\\/\\\/secure.gravatar.com\\\/avatar\\\/f453752f56d02e0c31fe1c1542c81aa84fbc51f0d82fa4923c495abe8317bf39?s=96&d=mm&r=g\",\"url\":\"https:\\\/\\\/secure.gravatar.com\\\/avatar\\\/f453752f56d02e0c31fe1c1542c81aa84fbc51f0d82fa4923c495abe8317bf39?s=96&d=mm&r=g\",\"contentUrl\":\"https:\\\/\\\/secure.gravatar.com\\\/avatar\\\/f453752f56d02e0c31fe1c1542c81aa84fbc51f0d82fa4923c495abe8317bf39?s=96&d=mm&r=g\",\"caption\":\"designw4m\"},\"sameAs\":[\"https:\\\/\\\/www.driveterceira.com\"],\"url\":\"https:\\\/\\\/www.driveterceira.com\\\/pt-pt\\\/author\\\/designw4m\\\/\"}]}<\/script>\n<!-- \/ Yoast SEO plugin. -->","yoast_head_json":{"title":"M\u00fasica ao vivo e vida nocturna na Ilha Terceira - Drive Terceira","robots":{"index":"index","follow":"follow","max-snippet":"max-snippet:-1","max-image-preview":"max-image-preview:large","max-video-preview":"max-video-preview:-1"},"canonical":"https:\/\/www.driveterceira.com\/pt-pt\/musica-ao-vivo-e-vida-nocturna-na-ilha-terceira\/","og_locale":"pt_PT","og_type":"article","og_title":"M\u00fasica ao vivo e vida nocturna na Ilha Terceira - Drive Terceira","og_description":"A Ilha Terceira pode ser conhecida pelas suas paisagens deslumbrantes e pelas suas ricas tradi\u00e7\u00f5es culturais, mas quando o sol se p\u00f5e, esta joia dos A\u00e7ores ganha vida de uma forma completamente diferente. Quer goste de m\u00fasica ao vivo num ambiente intimista, de dan\u00e7ar at\u00e9 ao amanhecer ou de saborear um copo de vinho num [&hellip;]","og_url":"https:\/\/www.driveterceira.com\/pt-pt\/musica-ao-vivo-e-vida-nocturna-na-ilha-terceira\/","og_site_name":"Drive Terceira","article_published_time":"2025-06-27T10:01:21+00:00","article_modified_time":"2026-04-20T14:16:09+00:00","og_image":[{"width":2048,"height":1152,"url":"https:\/\/www.driveterceira.com\/wp-content\/uploads\/2025\/06\/Drive-Terceira-Nuno-Bettencourt-Rock-Concert-Terceira-Azores.jpg","type":"image\/jpeg"}],"author":"designw4m","twitter_card":"summary_large_image","twitter_misc":{"Escrito por":"designw4m","Tempo estimado de leitura":"8 minutos"},"schema":{"@context":"https:\/\/schema.org","@graph":[{"@type":"Article","@id":"https:\/\/www.driveterceira.com\/pt-pt\/musica-ao-vivo-e-vida-nocturna-na-ilha-terceira\/#article","isPartOf":{"@id":"https:\/\/www.driveterceira.com\/pt-pt\/musica-ao-vivo-e-vida-nocturna-na-ilha-terceira\/"},"author":{"name":"designw4m","@id":"https:\/\/www.driveterceira.com\/pt-pt\/#\/schema\/person\/0a90e5000b2022a00ec4639a1df099e0"},"headline":"M\u00fasica ao vivo e vida nocturna na Ilha Terceira","datePublished":"2025-06-27T10:01:21+00:00","dateModified":"2026-04-20T14:16:09+00:00","mainEntityOfPage":{"@id":"https:\/\/www.driveterceira.com\/pt-pt\/musica-ao-vivo-e-vida-nocturna-na-ilha-terceira\/"},"wordCount":1601,"publisher":{"@id":"https:\/\/www.driveterceira.com\/pt-pt\/#organization"},"image":{"@id":"https:\/\/www.driveterceira.com\/pt-pt\/musica-ao-vivo-e-vida-nocturna-na-ilha-terceira\/#primaryimage"},"thumbnailUrl":"https:\/\/www.driveterceira.com\/wp-content\/uploads\/2025\/06\/Drive-Terceira-Nuno-Bettencourt-Rock-Concert-Terceira-Azores.jpg","articleSection":["Blog"],"inLanguage":"pt-PT"},{"@type":"WebPage","@id":"https:\/\/www.driveterceira.com\/pt-pt\/musica-ao-vivo-e-vida-nocturna-na-ilha-terceira\/","url":"https:\/\/www.driveterceira.com\/pt-pt\/musica-ao-vivo-e-vida-nocturna-na-ilha-terceira\/","name":"M\u00fasica ao vivo e vida nocturna na Ilha Terceira - Drive Terceira","isPartOf":{"@id":"https:\/\/www.driveterceira.com\/pt-pt\/#website"},"primaryImageOfPage":{"@id":"https:\/\/www.driveterceira.com\/pt-pt\/musica-ao-vivo-e-vida-nocturna-na-ilha-terceira\/#primaryimage"},"image":{"@id":"https:\/\/www.driveterceira.com\/pt-pt\/musica-ao-vivo-e-vida-nocturna-na-ilha-terceira\/#primaryimage"},"thumbnailUrl":"https:\/\/www.driveterceira.com\/wp-content\/uploads\/2025\/06\/Drive-Terceira-Nuno-Bettencourt-Rock-Concert-Terceira-Azores.jpg","datePublished":"2025-06-27T10:01:21+00:00","dateModified":"2026-04-20T14:16:09+00:00","breadcrumb":{"@id":"https:\/\/www.driveterceira.com\/pt-pt\/musica-ao-vivo-e-vida-nocturna-na-ilha-terceira\/#breadcrumb"},"inLanguage":"pt-PT","potentialAction":[{"@type":"ReadAction","target":["https:\/\/www.driveterceira.com\/pt-pt\/musica-ao-vivo-e-vida-nocturna-na-ilha-terceira\/"]}]},{"@type":"ImageObject","inLanguage":"pt-PT","@id":"https:\/\/www.driveterceira.com\/pt-pt\/musica-ao-vivo-e-vida-nocturna-na-ilha-terceira\/#primaryimage","url":"https:\/\/www.driveterceira.com\/wp-content\/uploads\/2025\/06\/Drive-Terceira-Nuno-Bettencourt-Rock-Concert-Terceira-Azores.jpg","contentUrl":"https:\/\/www.driveterceira.com\/wp-content\/uploads\/2025\/06\/Drive-Terceira-Nuno-Bettencourt-Rock-Concert-Terceira-Azores.jpg","width":2048,"height":1152,"caption":"Passeios pela Terceira - Nuno Bettencourt - Aluguer de autom\u00f3veis - Vida noturna na Terceira, A\u00e7ores"},{"@type":"BreadcrumbList","@id":"https:\/\/www.driveterceira.com\/pt-pt\/musica-ao-vivo-e-vida-nocturna-na-ilha-terceira\/#breadcrumb","itemListElement":[{"@type":"ListItem","position":1,"name":"Home","item":"https:\/\/www.driveterceira.com\/pt-pt\/"},{"@type":"ListItem","position":2,"name":"M\u00fasica ao vivo e vida nocturna na Ilha Terceira"}]},{"@type":"WebSite","@id":"https:\/\/www.driveterceira.com\/pt-pt\/#website","url":"https:\/\/www.driveterceira.com\/pt-pt\/","name":"Drive Terceira","description":"Rent-a-Car in Terceira Island, Azores","publisher":{"@id":"https:\/\/www.driveterceira.com\/pt-pt\/#organization"},"potentialAction":[{"@type":"SearchAction","target":{"@type":"EntryPoint","urlTemplate":"https:\/\/www.driveterceira.com\/pt-pt\/?s={search_term_string}"},"query-input":{"@type":"PropertyValueSpecification","valueRequired":true,"valueName":"search_term_string"}}],"inLanguage":"pt-PT"},{"@type":"Organization","@id":"https:\/\/www.driveterceira.com\/pt-pt\/#organization","name":"Drive Terceira","url":"https:\/\/www.driveterceira.com\/pt-pt\/","logo":{"@type":"ImageObject","inLanguage":"pt-PT","@id":"https:\/\/www.driveterceira.com\/pt-pt\/#\/schema\/logo\/image\/","url":"https:\/\/www.driveterceira.com\/wp-content\/uploads\/2025\/05\/logo.png","contentUrl":"https:\/\/www.driveterceira.com\/wp-content\/uploads\/2025\/05\/logo.png","width":500,"height":92,"caption":"Drive Terceira"},"image":{"@id":"https:\/\/www.driveterceira.com\/pt-pt\/#\/schema\/logo\/image\/"}},{"@type":"Person","@id":"https:\/\/www.driveterceira.com\/pt-pt\/#\/schema\/person\/0a90e5000b2022a00ec4639a1df099e0","name":"designw4m","image":{"@type":"ImageObject","inLanguage":"pt-PT","@id":"https:\/\/secure.gravatar.com\/avatar\/f453752f56d02e0c31fe1c1542c81aa84fbc51f0d82fa4923c495abe8317bf39?s=96&d=mm&r=g","url":"https:\/\/secure.gravatar.com\/avatar\/f453752f56d02e0c31fe1c1542c81aa84fbc51f0d82fa4923c495abe8317bf39?s=96&d=mm&r=g","contentUrl":"https:\/\/secure.gravatar.com\/avatar\/f453752f56d02e0c31fe1c1542c81aa84fbc51f0d82fa4923c495abe8317bf39?s=96&d=mm&r=g","caption":"designw4m"},"sameAs":["https:\/\/www.driveterceira.com"],"url":"https:\/\/www.driveterceira.com\/pt-pt\/author\/designw4m\/"}]}},"_links":{"self":[{"href":"https:\/\/www.driveterceira.com\/pt-pt\/wp-json\/wp\/v2\/posts\/238","targetHints":{"allow":["GET"]}}],"collection":[{"href":"https:\/\/www.driveterceira.com\/pt-pt\/wp-json\/wp\/v2\/posts"}],"about":[{"href":"https:\/\/www.driveterceira.com\/pt-pt\/wp-json\/wp\/v2\/types\/post"}],"author":[{"embeddable":true,"href":"https:\/\/www.driveterceira.com\/pt-pt\/wp-json\/wp\/v2\/users\/1"}],"replies":[{"embeddable":true,"href":"https:\/\/www.driveterceira.com\/pt-pt\/wp-json\/wp\/v2\/comments?post=238"}],"version-history":[{"count":2,"href":"https:\/\/www.driveterceira.com\/pt-pt\/wp-json\/wp\/v2\/posts\/238\/revisions"}],"predecessor-version":[{"id":951,"href":"https:\/\/www.driveterceira.com\/pt-pt\/wp-json\/wp\/v2\/posts\/238\/revisions\/951"}],"wp:featuredmedia":[{"embeddable":true,"href":"https:\/\/www.driveterceira.com\/pt-pt\/wp-json\/wp\/v2\/media\/643"}],"wp:attachment":[{"href":"https:\/\/www.driveterceira.com\/pt-pt\/wp-json\/wp\/v2\/media?parent=238"}],"wp:term":[{"taxonomy":"category","embeddable":true,"href":"https:\/\/www.driveterceira.com\/pt-pt\/wp-json\/wp\/v2\/categories?post=238"},{"taxonomy":"post_tag","embeddable":true,"href":"https:\/\/www.driveterceira.com\/pt-pt\/wp-json\/wp\/v2\/tags?post=238"}],"curies":[{"name":"wp","href":"https:\/\/api.w.org\/{rel}","templated":true}]}}