{"id":354,"date":"2025-08-06T11:48:22","date_gmt":"2025-08-06T11:48:22","guid":{"rendered":"https:\/\/www.driveterceira.com\/festas-da-praia-a-festa-de-verao-de-10-dias\/"},"modified":"2026-04-20T14:05:48","modified_gmt":"2026-04-20T14:05:48","slug":"festas-da-praia-a-festa-de-verao-de-10-dias","status":"publish","type":"post","link":"https:\/\/www.driveterceira.com\/pt-pt\/festas-da-praia-a-festa-de-verao-de-10-dias\/","title":{"rendered":"Festas da Praia: A Festa de Ver\u00e3o de 10 Dias"},"content":{"rendered":"\n<figure class=\"wp-block-image size-full\"><img loading=\"lazy\" decoding=\"async\" width=\"655\" height=\"229\" src=\"https:\/\/www.driveterceira.com\/wp-content\/uploads\/2025\/08\/PraiaFestas2025.png\" alt=\"\" class=\"wp-image-373\" srcset=\"https:\/\/www.driveterceira.com\/wp-content\/uploads\/2025\/08\/PraiaFestas2025.png 655w, https:\/\/www.driveterceira.com\/wp-content\/uploads\/2025\/08\/PraiaFestas2025-480x168.png 480w\" sizes=\"(min-width: 0px) and (max-width: 480px) 480px, (min-width: 481px) 655px, 100vw\" \/><\/figure>\n\n<p><strong>As Festas da Praia da Vit\u00f3ria, na Ilha Terceira, est\u00e3o agendadas para decorrer de 1 a 11 de agosto de 2025, sob o tema \u00abO teu solo de lava, o teu conhecimento do mar\u00bb. O programa inclui m\u00fasica, touradas, folclore, festas tem\u00e1ticas, gastronomia e muito entretenimento.  Artistas como <\/strong><a href=\"https:\/\/www.google.com\/search?cs=0&amp;sca_esv=07fba3af1fe20c74&amp;sxsrf=AE3TifPA1yMsd02tUNDwpt5IY2s5AhrOSw%3A1754474672729&amp;q=Tony+Carreira&amp;sa=X&amp;ved=2ahUKEwj85-S89_WOAxWRRTABHXtMD1oQxccNegQIAxAB&amp;mstk=AUtExfDkqpTxja0GXBibf6irlQU_gQuXSx5hEsHrLXGzAySvAvJE8YDIQnYWSyt-nvTFgIXORf7s_xR_yMqJ06IP8WrD-6Ml8YVFMn-8cC79quIs-TAtHoxxPEESEBRaTzvOcQTM3ErSZGpHvqhFC06P2y0kC_3Pv8uqPVAbABFgAJgnL6E34o8hdhP7FinIamcm9n164r2hdKwW3-CuDA9T2NZO1D6QbtcBIZXrCuvksc37Nsws1fCNb9R67QSedmVBWfN97ScK5pxx82XPIVrHYoMMWBu6hbNk1MxFM6tdZn_GkF336nSkdDuWVoe3Qp_ZRMEtCVFk4LU9Gm5okkEfDIv-kp5xWSjcT2jb93L0vFwIHwHhKj-qSF8pyFzYt_pRF8n6QuBcKUMr2O7xPeV16Ys_aYZ2c7fCn4LFdn6gbhkmjCfLqfM1B1m87zJ9-g38QhevfOHaCf8caHhaZvWGsEUKeQHcjz6MQ1Aw6AW0tE4Q0i4RP00-zEsqNMN58Rs&amp;csui=3\"><strong>Tony Carreira<\/strong><\/a><strong>  ,  <\/strong><a href=\"https:\/\/www.google.com\/search?cs=0&amp;sca_esv=07fba3af1fe20c74&amp;sxsrf=AE3TifPA1yMsd02tUNDwpt5IY2s5AhrOSw%3A1754474672729&amp;q=MC+Kevinho&amp;sa=X&amp;ved=2ahUKEwj85-S89_WOAxWRRTABHXtMD1oQxccNegQIAxAC&amp;mstk=AUtExfDkqpTxja0GXBibf6irlQU_gQuXSx5hEsHrLXGzAySvAvJE8YDIQnYWSyt-nvTFgIXORf7s_xR_yMqJ06IP8WrD-6Ml8YVFMn-8cC79quIs-TAtHoxxPEESEBRaTzvOcQTM3ErSZGpHvqhFC06P2y0kC_3Pv8uqPVAbABFgAJgnL6E34o8hdhP7FinIamcm9n164r2hdKwW3-CuDA9T2NZO1D6QbtcBIZXrCuvksc37Nsws1fCNb9R67QSedmVBWfN97ScK5pxx82XPIVrHYoMMWBu6hbNk1MxFM6tdZn_GkF336nSkdDuWVoe3Qp_ZRMEtCVFk4LU9Gm5okkEfDIv-kp5xWSjcT2jb93L0vFwIHwHhKj-qSF8pyFzYt_pRF8n6QuBcKUMr2O7xPeV16Ys_aYZ2c7fCn4LFdn6gbhkmjCfLqfM1B1m87zJ9-g38QhevfOHaCf8caHhaZvWGsEUKeQHcjz6MQ1Aw6AW0tE4Q0i4RP00-zEsqNMN58Rs&amp;csui=3\" target=\"_blank\" rel=\"noreferrer noopener\"><strong>MC Kevinho<\/strong><\/a><strong>  ,  <\/strong><a href=\"https:\/\/www.google.com\/search?cs=0&amp;sca_esv=07fba3af1fe20c74&amp;sxsrf=AE3TifPA1yMsd02tUNDwpt5IY2s5AhrOSw%3A1754474672729&amp;q=Soraia+Ramos&amp;sa=X&amp;ved=2ahUKEwj85-S89_WOAxWRRTABHXtMD1oQxccNegQIAxAD&amp;mstk=AUtExfDkqpTxja0GXBibf6irlQU_gQuXSx5hEsHrLXGzAySvAvJE8YDIQnYWSyt-nvTFgIXORf7s_xR_yMqJ06IP8WrD-6Ml8YVFMn-8cC79quIs-TAtHoxxPEESEBRaTzvOcQTM3ErSZGpHvqhFC06P2y0kC_3Pv8uqPVAbABFgAJgnL6E34o8hdhP7FinIamcm9n164r2hdKwW3-CuDA9T2NZO1D6QbtcBIZXrCuvksc37Nsws1fCNb9R67QSedmVBWfN97ScK5pxx82XPIVrHYoMMWBu6hbNk1MxFM6tdZn_GkF336nSkdDuWVoe3Qp_ZRMEtCVFk4LU9Gm5okkEfDIv-kp5xWSjcT2jb93L0vFwIHwHhKj-qSF8pyFzYt_pRF8n6QuBcKUMr2O7xPeV16Ys_aYZ2c7fCn4LFdn6gbhkmjCfLqfM1B1m87zJ9-g38QhevfOHaCf8caHhaZvWGsEUKeQHcjz6MQ1Aw6AW0tE4Q0i4RP00-zEsqNMN58Rs&amp;csui=3\" target=\"_blank\" rel=\"noreferrer noopener\"><strong>Soraia Ramos<\/strong><\/a><strong>  ,  <\/strong><a href=\"https:\/\/www.google.com\/search?cs=0&amp;sca_esv=07fba3af1fe20c74&amp;sxsrf=AE3TifPA1yMsd02tUNDwpt5IY2s5AhrOSw%3A1754474672729&amp;q=The+Gift&amp;sa=X&amp;ved=2ahUKEwj85-S89_WOAxWRRTABHXtMD1oQxccNegQIAxAE&amp;mstk=AUtExfDkqpTxja0GXBibf6irlQU_gQuXSx5hEsHrLXGzAySvAvJE8YDIQnYWSyt-nvTFgIXORf7s_xR_yMqJ06IP8WrD-6Ml8YVFMn-8cC79quIs-TAtHoxxPEESEBRaTzvOcQTM3ErSZGpHvqhFC06P2y0kC_3Pv8uqPVAbABFgAJgnL6E34o8hdhP7FinIamcm9n164r2hdKwW3-CuDA9T2NZO1D6QbtcBIZXrCuvksc37Nsws1fCNb9R67QSedmVBWfN97ScK5pxx82XPIVrHYoMMWBu6hbNk1MxFM6tdZn_GkF336nSkdDuWVoe3Qp_ZRMEtCVFk4LU9Gm5okkEfDIv-kp5xWSjcT2jb93L0vFwIHwHhKj-qSF8pyFzYt_pRF8n6QuBcKUMr2O7xPeV16Ys_aYZ2c7fCn4LFdn6gbhkmjCfLqfM1B1m87zJ9-g38QhevfOHaCf8caHhaZvWGsEUKeQHcjz6MQ1Aw6AW0tE4Q0i4RP00-zEsqNMN58Rs&amp;csui=3\" target=\"_blank\" rel=\"noreferrer noopener\"><strong>The Gift<\/strong><\/a><strong>  ,  <\/strong><a href=\"https:\/\/www.google.com\/search?cs=0&amp;sca_esv=07fba3af1fe20c74&amp;sxsrf=AE3TifPA1yMsd02tUNDwpt5IY2s5AhrOSw%3A1754474672729&amp;q=Kura&amp;sa=X&amp;ved=2ahUKEwj85-S89_WOAxWRRTABHXtMD1oQxccNegQIAxAF&amp;mstk=AUtExfDkqpTxja0GXBibf6irlQU_gQuXSx5hEsHrLXGzAySvAvJE8YDIQnYWSyt-nvTFgIXORf7s_xR_yMqJ06IP8WrD-6Ml8YVFMn-8cC79quIs-TAtHoxxPEESEBRaTzvOcQTM3ErSZGpHvqhFC06P2y0kC_3Pv8uqPVAbABFgAJgnL6E34o8hdhP7FinIamcm9n164r2hdKwW3-CuDA9T2NZO1D6QbtcBIZXrCuvksc37Nsws1fCNb9R67QSedmVBWfN97ScK5pxx82XPIVrHYoMMWBu6hbNk1MxFM6tdZn_GkF336nSkdDuWVoe3Qp_ZRMEtCVFk4LU9Gm5okkEfDIv-kp5xWSjcT2jb93L0vFwIHwHhKj-qSF8pyFzYt_pRF8n6QuBcKUMr2O7xPeV16Ys_aYZ2c7fCn4LFdn6gbhkmjCfLqfM1B1m87zJ9-g38QhevfOHaCf8caHhaZvWGsEUKeQHcjz6MQ1Aw6AW0tE4Q0i4RP00-zEsqNMN58Rs&amp;csui=3\" target=\"_blank\" rel=\"noreferrer noopener\"><strong>Kura<\/strong><\/a><strong> , e <\/strong><a href=\"https:\/\/www.google.com\/search?cs=0&amp;sca_esv=07fba3af1fe20c74&amp;sxsrf=AE3TifPA1yMsd02tUNDwpt5IY2s5AhrOSw%3A1754474672729&amp;q=T-Rex&amp;sa=X&amp;ved=2ahUKEwj85-S89_WOAxWRRTABHXtMD1oQxccNegQIAxAG&amp;mstk=AUtExfDkqpTxja0GXBibf6irlQU_gQuXSx5hEsHrLXGzAySvAvJE8YDIQnYWSyt-nvTFgIXORf7s_xR_yMqJ06IP8WrD-6Ml8YVFMn-8cC79quIs-TAtHoxxPEESEBRaTzvOcQTM3ErSZGpHvqhFC06P2y0kC_3Pv8uqPVAbABFgAJgnL6E34o8hdhP7FinIamcm9n164r2hdKwW3-CuDA9T2NZO1D6QbtcBIZXrCuvksc37Nsws1fCNb9R67QSedmVBWfN97ScK5pxx82XPIVrHYoMMWBu6hbNk1MxFM6tdZn_GkF336nSkdDuWVoe3Qp_ZRMEtCVFk4LU9Gm5okkEfDIv-kp5xWSjcT2jb93L0vFwIHwHhKj-qSF8pyFzYt_pRF8n6QuBcKUMr2O7xPeV16Ys_aYZ2c7fCn4LFdn6gbhkmjCfLqfM1B1m87zJ9-g38QhevfOHaCf8caHhaZvWGsEUKeQHcjz6MQ1Aw6AW0tE4Q0i4RP00-zEsqNMN58Rs&amp;csui=3\" target=\"_blank\" rel=\"noreferrer noopener\"><strong>T-Rex<\/strong><\/a><strong> s\u00e3o apresentados, bem como <\/strong><a href=\"https:\/\/www.google.com\/search?cs=0&amp;sca_esv=07fba3af1fe20c74&amp;sxsrf=AE3TifPA1yMsd02tUNDwpt5IY2s5AhrOSw%3A1754474672729&amp;q=Napa&amp;sa=X&amp;ved=2ahUKEwj85-S89_WOAxWRRTABHXtMD1oQxccNegQIAxAH&amp;mstk=AUtExfDkqpTxja0GXBibf6irlQU_gQuXSx5hEsHrLXGzAySvAvJE8YDIQnYWSyt-nvTFgIXORf7s_xR_yMqJ06IP8WrD-6Ml8YVFMn-8cC79quIs-TAtHoxxPEESEBRaTzvOcQTM3ErSZGpHvqhFC06P2y0kC_3Pv8uqPVAbABFgAJgnL6E34o8hdhP7FinIamcm9n164r2hdKwW3-CuDA9T2NZO1D6QbtcBIZXrCuvksc37Nsws1fCNb9R67QSedmVBWfN97ScK5pxx82XPIVrHYoMMWBu6hbNk1MxFM6tdZn_GkF336nSkdDuWVoe3Qp_ZRMEtCVFk4LU9Gm5okkEfDIv-kp5xWSjcT2jb93L0vFwIHwHhKj-qSF8pyFzYt_pRF8n6QuBcKUMr2O7xPeV16Ys_aYZ2c7fCn4LFdn6gbhkmjCfLqfM1B1m87zJ9-g38QhevfOHaCf8caHhaZvWGsEUKeQHcjz6MQ1Aw6AW0tE4Q0i4RP00-zEsqNMN58Rs&amp;csui=3\" target=\"_blank\" rel=\"noreferrer noopener\"><strong>Napa<\/strong><\/a><strong>  . A Feira Gastron\u00f3mica do Atl\u00e2ntico tamb\u00e9m faz parte das festividades, com iguarias provenientes das 9 ilhas, da Madeira, de Portugal e de outros locais. Consulte aqui para obter mais informa\u00e7\u00f5es: <a href=\"https:\/\/www.cmpv.pt\/festasdapraia\/\" target=\"_blank\" rel=\"noreferrer noopener\">https:\/\/www.cmpv.pt\/festasdapraia\/<\/a> <br\/><br\/>1. O cora\u00e7\u00e3o do ver\u00e3o da Terceira<\/strong><br\/>Todos os anos, durante a <strong>primeira semana de agosto<\/strong>, a Praia da Vit\u00f3ria ganha vida com as <strong>Festas da Praia<\/strong>, um festival cultural, gastron\u00f3mico e musical vibrante que atrai milhares de visitantes, tanto dos A\u00e7ores como de Portugal continental. Em 2025, o festival decorrer\u00e1 de <strong>1 a 11 de agosto<\/strong>, onze dias de celebra\u00e7\u00e3o que transformam a Praia da Vit\u00f3ria na principal atra\u00e7\u00e3o tur\u00edstica da ilha. <\/p>\n\n<figure class=\"wp-block-image size-large\"><img loading=\"lazy\" decoding=\"async\" width=\"1024\" height=\"687\" src=\"https:\/\/www.driveterceira.com\/wp-content\/uploads\/2025\/08\/Drive-Terceira-Festa-Praia-da-Vitoria-Camara-de-Praia-da-VItoria-2-1024x687.jpg\" alt=\"\" class=\"wp-image-629\" srcset=\"https:\/\/www.driveterceira.com\/wp-content\/uploads\/2025\/08\/Drive-Terceira-Festa-Praia-da-Vitoria-Camara-de-Praia-da-VItoria-2-1024x687.jpg 1024w, https:\/\/www.driveterceira.com\/wp-content\/uploads\/2025\/08\/Drive-Terceira-Festa-Praia-da-Vitoria-Camara-de-Praia-da-VItoria-2-980x657.jpg 980w, https:\/\/www.driveterceira.com\/wp-content\/uploads\/2025\/08\/Drive-Terceira-Festa-Praia-da-Vitoria-Camara-de-Praia-da-VItoria-2-480x322.jpg 480w\" sizes=\"(min-width: 0px) and (max-width: 480px) 480px, (min-width: 481px) and (max-width: 980px) 980px, (min-width: 981px) 1024px, 100vw\" \/><\/figure>\n\n<p><strong>2. From Humble Roots to Can\u2019t-Miss Event<\/strong><br\/>What began decades ago as a modest local party in Praia da Vit\u00f3ria has evolved into a major Atlantic\u2011wide festival. Created to commemorate the Battle of Praia in 1829 and celebrate local identity, it now blends history, folklore and entertainment. Over some 30\u201340 years, it\u2019s grown into a flagship event featuring large parades, musical tributes, and themed opening processions that underline the town\u2019s heritage.  <\/p>\n\n<p><strong>3. Um programa repleto de atividades<\/strong><br\/>Durante o dia, o festival gira em torno da cultura local: desfiles etnogr\u00e1ficos, tradi\u00e7\u00f5es de marchas folcl\u00f3ricas (filarm\u00f3nicas) e exposi\u00e7\u00f5es. O desporto tamb\u00e9m ocupa um lugar central \u2014 conte com <strong>torneios de voleibol de praia e andebol na Praia Grande<\/strong>, provas de vela em HOBIE CAT e corridas de stand-up paddle. As touradas na praia acrescentam mais um elemento \u00fanico dos A\u00e7ores. &#8211; A n\u00e3o perder.   <\/p>\n\n<figure class=\"wp-block-image size-full\"><img loading=\"lazy\" decoding=\"async\" width=\"960\" height=\"549\" src=\"https:\/\/www.driveterceira.com\/wp-content\/uploads\/2025\/08\/festas-da-praia-2014.jpg\" alt=\"\" class=\"wp-image-630\" srcset=\"https:\/\/www.driveterceira.com\/wp-content\/uploads\/2025\/08\/festas-da-praia-2014.jpg 960w, https:\/\/www.driveterceira.com\/wp-content\/uploads\/2025\/08\/festas-da-praia-2014-480x275.jpg 480w\" sizes=\"(min-width: 0px) and (max-width: 480px) 480px, (min-width: 481px) 960px, 100vw\" \/><figcaption class=\"wp-element-caption\">?<\/figcaption><\/figure>\n\n<p><strong>4. M\u00fasica a cada hora<\/strong><br\/>\u00c0 medida que a noite se aproxima, os participantes do festival desfrutam de concertos ao vivo em v\u00e1rios palcos: grupos folcl\u00f3ricos locais, artistas portugueses populares, DJs e convidados internacionais. Durante o dia, atuam grupos tradicionais e bandas marciais; \u00e0 noite, o ambiente anima-se com DJs e espet\u00e1culos sob a cobertura da Marina \u2014 pense nos espet\u00e1culos <strong>\u00abElectro Cruzeiro\u00bb e \u00abDreamzone\u00bb e nas atua\u00e7\u00f5es de cabe\u00e7as de cartaz <\/strong>nos v\u00e1rios palcos montados para a transmiss\u00e3o cont\u00ednua de espet\u00e1culos ao vivo. <\/p>\n\n<figure class=\"wp-block-image size-large\"><img loading=\"lazy\" decoding=\"async\" width=\"1024\" height=\"683\" src=\"https:\/\/www.driveterceira.com\/wp-content\/uploads\/2025\/08\/Drive-Terceira-Festa-Praia-da-Vitoria-Camara-de-Praia-da-Vitoria-3-1024x683.jpg\" alt=\"\" class=\"wp-image-632\" srcset=\"https:\/\/www.driveterceira.com\/wp-content\/uploads\/2025\/08\/Drive-Terceira-Festa-Praia-da-Vitoria-Camara-de-Praia-da-Vitoria-3-980x653.jpg 980w, https:\/\/www.driveterceira.com\/wp-content\/uploads\/2025\/08\/Drive-Terceira-Festa-Praia-da-Vitoria-Camara-de-Praia-da-Vitoria-3-480x320.jpg 480w\" sizes=\"(min-width: 0px) and (max-width: 480px) 480px, (min-width: 481px) and (max-width: 980px) 980px, (min-width: 981px) 1024px, 100vw\" \/><\/figure>\n\n<p><strong>5. Gastronomia sob o c\u00e9u do Atl\u00e2ntico<\/strong><br\/>A <strong>Feira de Gastronomia do Atl\u00e2ntico<\/strong> \u00e9 o cora\u00e7\u00e3o culin\u00e1rio do festival \u2014 aberta diariamente <strong>a partir de 1 de agosto<\/strong>. As tendas servem <strong>pratos locais dos A\u00e7ores<\/strong>, como <strong>alcatra<\/strong>, <strong>sandu\u00edches ao estilo bifana<\/strong>, pratos de peixe inteiro, lulas, camar\u00f5es e sobremesas de massa sovada.  Encontrar\u00e1 tamb\u00e9m pratos provenientes de Portugal continental, da Madeira e de convidados internacionais selecionados, tornando-o numa montra de sabores inspirados no Atl\u00e2ntico. <\/p>\n\n<p>Para consultar a programa\u00e7\u00e3o completa, o cartaz e os mapas interativos, visite o <strong>site oficial das Festas da Praia<\/strong> <a href=\"https:\/\/www.cmpv.pt\/festasdapraia\" target=\"_blank\" rel=\"noreferrer noopener\"><strong>Festas da Praia \u2013 C\u00e2mara Municipal da Praia da Vit\u00f3ria<\/strong><\/a><br\/>Est\u00e1 interessado num pacote especial de aluguer para as Festas da Praia \u2014 recolha no local, log\u00edstica de entrega e dicas de estacionamento? Diga-me e posso criar uma sec\u00e7\u00e3o personalizada para isso tamb\u00e9m! <\/p>\n","protected":false},"excerpt":{"rendered":"<p>As Festas da Praia da Vit\u00f3ria, na Ilha Terceira, est\u00e3o agendadas para decorrer de 1 a 11 de agosto de 2025, sob o tema \u00abO teu solo de lava, o teu conhecimento do mar\u00bb. O programa inclui m\u00fasica, touradas, folclore, festas tem\u00e1ticas, gastronomia e muito entretenimento. Artistas como Tony Carreira , MC Kevinho , Soraia [&hellip;]<\/p>\n","protected":false},"author":1,"featured_media":374,"comment_status":"closed","ping_status":"closed","sticky":false,"template":"","format":"standard","meta":{"_et_pb_use_builder":"off","_et_pb_old_content":"","_et_gb_content_width":"","footnotes":""},"categories":[13],"tags":[],"class_list":["post-354","post","type-post","status-publish","format-standard","has-post-thumbnail","hentry","category-blog-pt-pt"],"yoast_head":"<!-- This site is optimized with the Yoast SEO plugin v27.4 - https:\/\/yoast.com\/product\/yoast-seo-wordpress\/ -->\n<title>Festas da Praia: A Festa de Ver\u00e3o de 10 Dias - Drive Terceira<\/title>\n<meta name=\"robots\" content=\"index, follow, max-snippet:-1, max-image-preview:large, max-video-preview:-1\" \/>\n<link rel=\"canonical\" href=\"https:\/\/www.driveterceira.com\/pt-pt\/festas-da-praia-a-festa-de-verao-de-10-dias\/\" \/>\n<meta property=\"og:locale\" content=\"pt_PT\" \/>\n<meta property=\"og:type\" content=\"article\" \/>\n<meta property=\"og:title\" content=\"Festas da Praia: A Festa de Ver\u00e3o de 10 Dias - Drive Terceira\" \/>\n<meta property=\"og:description\" content=\"As Festas da Praia da Vit\u00f3ria, na Ilha Terceira, est\u00e3o agendadas para decorrer de 1 a 11 de agosto de 2025, sob o tema \u00abO teu solo de lava, o teu conhecimento do mar\u00bb. O programa inclui m\u00fasica, touradas, folclore, festas tem\u00e1ticas, gastronomia e muito entretenimento. Artistas como Tony Carreira , MC Kevinho , Soraia [&hellip;]\" \/>\n<meta property=\"og:url\" content=\"https:\/\/www.driveterceira.com\/pt-pt\/festas-da-praia-a-festa-de-verao-de-10-dias\/\" \/>\n<meta property=\"og:site_name\" content=\"Drive Terceira\" \/>\n<meta property=\"article:published_time\" content=\"2025-08-06T11:48:22+00:00\" \/>\n<meta property=\"article:modified_time\" content=\"2026-04-20T14:05:48+00:00\" \/>\n<meta property=\"og:image\" content=\"https:\/\/www.driveterceira.com\/wp-content\/uploads\/2025\/08\/PraiaFestas2025.png\" \/>\n\t<meta property=\"og:image:width\" content=\"655\" \/>\n\t<meta property=\"og:image:height\" content=\"229\" \/>\n\t<meta property=\"og:image:type\" content=\"image\/png\" \/>\n<meta name=\"author\" content=\"designw4m\" \/>\n<meta name=\"twitter:card\" content=\"summary_large_image\" \/>\n<meta name=\"twitter:label1\" content=\"Escrito por\" \/>\n\t<meta name=\"twitter:data1\" content=\"designw4m\" \/>\n\t<meta name=\"twitter:label2\" content=\"Tempo estimado de leitura\" \/>\n\t<meta name=\"twitter:data2\" content=\"3 minutos\" \/>\n<script type=\"application\/ld+json\" class=\"yoast-schema-graph\">{\"@context\":\"https:\\\/\\\/schema.org\",\"@graph\":[{\"@type\":\"Article\",\"@id\":\"https:\\\/\\\/www.driveterceira.com\\\/pt-pt\\\/festas-da-praia-a-festa-de-verao-de-10-dias\\\/#article\",\"isPartOf\":{\"@id\":\"https:\\\/\\\/www.driveterceira.com\\\/pt-pt\\\/festas-da-praia-a-festa-de-verao-de-10-dias\\\/\"},\"author\":{\"name\":\"designw4m\",\"@id\":\"https:\\\/\\\/www.driveterceira.com\\\/pt-pt\\\/#\\\/schema\\\/person\\\/0a90e5000b2022a00ec4639a1df099e0\"},\"headline\":\"Festas da Praia: A Festa de Ver\u00e3o de 10 Dias\",\"datePublished\":\"2025-08-06T11:48:22+00:00\",\"dateModified\":\"2026-04-20T14:05:48+00:00\",\"mainEntityOfPage\":{\"@id\":\"https:\\\/\\\/www.driveterceira.com\\\/pt-pt\\\/festas-da-praia-a-festa-de-verao-de-10-dias\\\/\"},\"wordCount\":580,\"publisher\":{\"@id\":\"https:\\\/\\\/www.driveterceira.com\\\/pt-pt\\\/#organization\"},\"image\":{\"@id\":\"https:\\\/\\\/www.driveterceira.com\\\/pt-pt\\\/festas-da-praia-a-festa-de-verao-de-10-dias\\\/#primaryimage\"},\"thumbnailUrl\":\"https:\\\/\\\/www.driveterceira.com\\\/wp-content\\\/uploads\\\/2025\\\/08\\\/PraiaFestas2025.png\",\"articleSection\":[\"Blog\"],\"inLanguage\":\"pt-PT\"},{\"@type\":\"WebPage\",\"@id\":\"https:\\\/\\\/www.driveterceira.com\\\/pt-pt\\\/festas-da-praia-a-festa-de-verao-de-10-dias\\\/\",\"url\":\"https:\\\/\\\/www.driveterceira.com\\\/pt-pt\\\/festas-da-praia-a-festa-de-verao-de-10-dias\\\/\",\"name\":\"Festas da Praia: A Festa de Ver\u00e3o de 10 Dias - Drive Terceira\",\"isPartOf\":{\"@id\":\"https:\\\/\\\/www.driveterceira.com\\\/pt-pt\\\/#website\"},\"primaryImageOfPage\":{\"@id\":\"https:\\\/\\\/www.driveterceira.com\\\/pt-pt\\\/festas-da-praia-a-festa-de-verao-de-10-dias\\\/#primaryimage\"},\"image\":{\"@id\":\"https:\\\/\\\/www.driveterceira.com\\\/pt-pt\\\/festas-da-praia-a-festa-de-verao-de-10-dias\\\/#primaryimage\"},\"thumbnailUrl\":\"https:\\\/\\\/www.driveterceira.com\\\/wp-content\\\/uploads\\\/2025\\\/08\\\/PraiaFestas2025.png\",\"datePublished\":\"2025-08-06T11:48:22+00:00\",\"dateModified\":\"2026-04-20T14:05:48+00:00\",\"breadcrumb\":{\"@id\":\"https:\\\/\\\/www.driveterceira.com\\\/pt-pt\\\/festas-da-praia-a-festa-de-verao-de-10-dias\\\/#breadcrumb\"},\"inLanguage\":\"pt-PT\",\"potentialAction\":[{\"@type\":\"ReadAction\",\"target\":[\"https:\\\/\\\/www.driveterceira.com\\\/pt-pt\\\/festas-da-praia-a-festa-de-verao-de-10-dias\\\/\"]}]},{\"@type\":\"ImageObject\",\"inLanguage\":\"pt-PT\",\"@id\":\"https:\\\/\\\/www.driveterceira.com\\\/pt-pt\\\/festas-da-praia-a-festa-de-verao-de-10-dias\\\/#primaryimage\",\"url\":\"https:\\\/\\\/www.driveterceira.com\\\/wp-content\\\/uploads\\\/2025\\\/08\\\/PraiaFestas2025.png\",\"contentUrl\":\"https:\\\/\\\/www.driveterceira.com\\\/wp-content\\\/uploads\\\/2025\\\/08\\\/PraiaFestas2025.png\",\"width\":655,\"height\":229,\"caption\":\"Festa de Praia da Vitoria, Terceira, Azores\"},{\"@type\":\"BreadcrumbList\",\"@id\":\"https:\\\/\\\/www.driveterceira.com\\\/pt-pt\\\/festas-da-praia-a-festa-de-verao-de-10-dias\\\/#breadcrumb\",\"itemListElement\":[{\"@type\":\"ListItem\",\"position\":1,\"name\":\"Home\",\"item\":\"https:\\\/\\\/www.driveterceira.com\\\/pt-pt\\\/\"},{\"@type\":\"ListItem\",\"position\":2,\"name\":\"Festas da Praia: A Festa de Ver\u00e3o de 10 Dias\"}]},{\"@type\":\"WebSite\",\"@id\":\"https:\\\/\\\/www.driveterceira.com\\\/pt-pt\\\/#website\",\"url\":\"https:\\\/\\\/www.driveterceira.com\\\/pt-pt\\\/\",\"name\":\"Drive Terceira\",\"description\":\"Rent-a-Car in Terceira Island, Azores\",\"publisher\":{\"@id\":\"https:\\\/\\\/www.driveterceira.com\\\/pt-pt\\\/#organization\"},\"potentialAction\":[{\"@type\":\"SearchAction\",\"target\":{\"@type\":\"EntryPoint\",\"urlTemplate\":\"https:\\\/\\\/www.driveterceira.com\\\/pt-pt\\\/?s={search_term_string}\"},\"query-input\":{\"@type\":\"PropertyValueSpecification\",\"valueRequired\":true,\"valueName\":\"search_term_string\"}}],\"inLanguage\":\"pt-PT\"},{\"@type\":\"Organization\",\"@id\":\"https:\\\/\\\/www.driveterceira.com\\\/pt-pt\\\/#organization\",\"name\":\"Drive Terceira\",\"url\":\"https:\\\/\\\/www.driveterceira.com\\\/pt-pt\\\/\",\"logo\":{\"@type\":\"ImageObject\",\"inLanguage\":\"pt-PT\",\"@id\":\"https:\\\/\\\/www.driveterceira.com\\\/pt-pt\\\/#\\\/schema\\\/logo\\\/image\\\/\",\"url\":\"https:\\\/\\\/www.driveterceira.com\\\/wp-content\\\/uploads\\\/2025\\\/05\\\/logo.png\",\"contentUrl\":\"https:\\\/\\\/www.driveterceira.com\\\/wp-content\\\/uploads\\\/2025\\\/05\\\/logo.png\",\"width\":500,\"height\":92,\"caption\":\"Drive Terceira\"},\"image\":{\"@id\":\"https:\\\/\\\/www.driveterceira.com\\\/pt-pt\\\/#\\\/schema\\\/logo\\\/image\\\/\"}},{\"@type\":\"Person\",\"@id\":\"https:\\\/\\\/www.driveterceira.com\\\/pt-pt\\\/#\\\/schema\\\/person\\\/0a90e5000b2022a00ec4639a1df099e0\",\"name\":\"designw4m\",\"image\":{\"@type\":\"ImageObject\",\"inLanguage\":\"pt-PT\",\"@id\":\"https:\\\/\\\/secure.gravatar.com\\\/avatar\\\/f453752f56d02e0c31fe1c1542c81aa84fbc51f0d82fa4923c495abe8317bf39?s=96&d=mm&r=g\",\"url\":\"https:\\\/\\\/secure.gravatar.com\\\/avatar\\\/f453752f56d02e0c31fe1c1542c81aa84fbc51f0d82fa4923c495abe8317bf39?s=96&d=mm&r=g\",\"contentUrl\":\"https:\\\/\\\/secure.gravatar.com\\\/avatar\\\/f453752f56d02e0c31fe1c1542c81aa84fbc51f0d82fa4923c495abe8317bf39?s=96&d=mm&r=g\",\"caption\":\"designw4m\"},\"sameAs\":[\"https:\\\/\\\/www.driveterceira.com\"],\"url\":\"https:\\\/\\\/www.driveterceira.com\\\/pt-pt\\\/author\\\/designw4m\\\/\"}]}<\/script>\n<!-- \/ Yoast SEO plugin. -->","yoast_head_json":{"title":"Festas da Praia: A Festa de Ver\u00e3o de 10 Dias - Drive Terceira","robots":{"index":"index","follow":"follow","max-snippet":"max-snippet:-1","max-image-preview":"max-image-preview:large","max-video-preview":"max-video-preview:-1"},"canonical":"https:\/\/www.driveterceira.com\/pt-pt\/festas-da-praia-a-festa-de-verao-de-10-dias\/","og_locale":"pt_PT","og_type":"article","og_title":"Festas da Praia: A Festa de Ver\u00e3o de 10 Dias - Drive Terceira","og_description":"As Festas da Praia da Vit\u00f3ria, na Ilha Terceira, est\u00e3o agendadas para decorrer de 1 a 11 de agosto de 2025, sob o tema \u00abO teu solo de lava, o teu conhecimento do mar\u00bb. O programa inclui m\u00fasica, touradas, folclore, festas tem\u00e1ticas, gastronomia e muito entretenimento. Artistas como Tony Carreira , MC Kevinho , Soraia [&hellip;]","og_url":"https:\/\/www.driveterceira.com\/pt-pt\/festas-da-praia-a-festa-de-verao-de-10-dias\/","og_site_name":"Drive Terceira","article_published_time":"2025-08-06T11:48:22+00:00","article_modified_time":"2026-04-20T14:05:48+00:00","og_image":[{"width":655,"height":229,"url":"https:\/\/www.driveterceira.com\/wp-content\/uploads\/2025\/08\/PraiaFestas2025.png","type":"image\/png"}],"author":"designw4m","twitter_card":"summary_large_image","twitter_misc":{"Escrito por":"designw4m","Tempo estimado de leitura":"3 minutos"},"schema":{"@context":"https:\/\/schema.org","@graph":[{"@type":"Article","@id":"https:\/\/www.driveterceira.com\/pt-pt\/festas-da-praia-a-festa-de-verao-de-10-dias\/#article","isPartOf":{"@id":"https:\/\/www.driveterceira.com\/pt-pt\/festas-da-praia-a-festa-de-verao-de-10-dias\/"},"author":{"name":"designw4m","@id":"https:\/\/www.driveterceira.com\/pt-pt\/#\/schema\/person\/0a90e5000b2022a00ec4639a1df099e0"},"headline":"Festas da Praia: A Festa de Ver\u00e3o de 10 Dias","datePublished":"2025-08-06T11:48:22+00:00","dateModified":"2026-04-20T14:05:48+00:00","mainEntityOfPage":{"@id":"https:\/\/www.driveterceira.com\/pt-pt\/festas-da-praia-a-festa-de-verao-de-10-dias\/"},"wordCount":580,"publisher":{"@id":"https:\/\/www.driveterceira.com\/pt-pt\/#organization"},"image":{"@id":"https:\/\/www.driveterceira.com\/pt-pt\/festas-da-praia-a-festa-de-verao-de-10-dias\/#primaryimage"},"thumbnailUrl":"https:\/\/www.driveterceira.com\/wp-content\/uploads\/2025\/08\/PraiaFestas2025.png","articleSection":["Blog"],"inLanguage":"pt-PT"},{"@type":"WebPage","@id":"https:\/\/www.driveterceira.com\/pt-pt\/festas-da-praia-a-festa-de-verao-de-10-dias\/","url":"https:\/\/www.driveterceira.com\/pt-pt\/festas-da-praia-a-festa-de-verao-de-10-dias\/","name":"Festas da Praia: A Festa de Ver\u00e3o de 10 Dias - Drive Terceira","isPartOf":{"@id":"https:\/\/www.driveterceira.com\/pt-pt\/#website"},"primaryImageOfPage":{"@id":"https:\/\/www.driveterceira.com\/pt-pt\/festas-da-praia-a-festa-de-verao-de-10-dias\/#primaryimage"},"image":{"@id":"https:\/\/www.driveterceira.com\/pt-pt\/festas-da-praia-a-festa-de-verao-de-10-dias\/#primaryimage"},"thumbnailUrl":"https:\/\/www.driveterceira.com\/wp-content\/uploads\/2025\/08\/PraiaFestas2025.png","datePublished":"2025-08-06T11:48:22+00:00","dateModified":"2026-04-20T14:05:48+00:00","breadcrumb":{"@id":"https:\/\/www.driveterceira.com\/pt-pt\/festas-da-praia-a-festa-de-verao-de-10-dias\/#breadcrumb"},"inLanguage":"pt-PT","potentialAction":[{"@type":"ReadAction","target":["https:\/\/www.driveterceira.com\/pt-pt\/festas-da-praia-a-festa-de-verao-de-10-dias\/"]}]},{"@type":"ImageObject","inLanguage":"pt-PT","@id":"https:\/\/www.driveterceira.com\/pt-pt\/festas-da-praia-a-festa-de-verao-de-10-dias\/#primaryimage","url":"https:\/\/www.driveterceira.com\/wp-content\/uploads\/2025\/08\/PraiaFestas2025.png","contentUrl":"https:\/\/www.driveterceira.com\/wp-content\/uploads\/2025\/08\/PraiaFestas2025.png","width":655,"height":229,"caption":"Festa de Praia da Vitoria, Terceira, Azores"},{"@type":"BreadcrumbList","@id":"https:\/\/www.driveterceira.com\/pt-pt\/festas-da-praia-a-festa-de-verao-de-10-dias\/#breadcrumb","itemListElement":[{"@type":"ListItem","position":1,"name":"Home","item":"https:\/\/www.driveterceira.com\/pt-pt\/"},{"@type":"ListItem","position":2,"name":"Festas da Praia: A Festa de Ver\u00e3o de 10 Dias"}]},{"@type":"WebSite","@id":"https:\/\/www.driveterceira.com\/pt-pt\/#website","url":"https:\/\/www.driveterceira.com\/pt-pt\/","name":"Drive Terceira","description":"Rent-a-Car in Terceira Island, Azores","publisher":{"@id":"https:\/\/www.driveterceira.com\/pt-pt\/#organization"},"potentialAction":[{"@type":"SearchAction","target":{"@type":"EntryPoint","urlTemplate":"https:\/\/www.driveterceira.com\/pt-pt\/?s={search_term_string}"},"query-input":{"@type":"PropertyValueSpecification","valueRequired":true,"valueName":"search_term_string"}}],"inLanguage":"pt-PT"},{"@type":"Organization","@id":"https:\/\/www.driveterceira.com\/pt-pt\/#organization","name":"Drive Terceira","url":"https:\/\/www.driveterceira.com\/pt-pt\/","logo":{"@type":"ImageObject","inLanguage":"pt-PT","@id":"https:\/\/www.driveterceira.com\/pt-pt\/#\/schema\/logo\/image\/","url":"https:\/\/www.driveterceira.com\/wp-content\/uploads\/2025\/05\/logo.png","contentUrl":"https:\/\/www.driveterceira.com\/wp-content\/uploads\/2025\/05\/logo.png","width":500,"height":92,"caption":"Drive Terceira"},"image":{"@id":"https:\/\/www.driveterceira.com\/pt-pt\/#\/schema\/logo\/image\/"}},{"@type":"Person","@id":"https:\/\/www.driveterceira.com\/pt-pt\/#\/schema\/person\/0a90e5000b2022a00ec4639a1df099e0","name":"designw4m","image":{"@type":"ImageObject","inLanguage":"pt-PT","@id":"https:\/\/secure.gravatar.com\/avatar\/f453752f56d02e0c31fe1c1542c81aa84fbc51f0d82fa4923c495abe8317bf39?s=96&d=mm&r=g","url":"https:\/\/secure.gravatar.com\/avatar\/f453752f56d02e0c31fe1c1542c81aa84fbc51f0d82fa4923c495abe8317bf39?s=96&d=mm&r=g","contentUrl":"https:\/\/secure.gravatar.com\/avatar\/f453752f56d02e0c31fe1c1542c81aa84fbc51f0d82fa4923c495abe8317bf39?s=96&d=mm&r=g","caption":"designw4m"},"sameAs":["https:\/\/www.driveterceira.com"],"url":"https:\/\/www.driveterceira.com\/pt-pt\/author\/designw4m\/"}]}},"_links":{"self":[{"href":"https:\/\/www.driveterceira.com\/pt-pt\/wp-json\/wp\/v2\/posts\/354","targetHints":{"allow":["GET"]}}],"collection":[{"href":"https:\/\/www.driveterceira.com\/pt-pt\/wp-json\/wp\/v2\/posts"}],"about":[{"href":"https:\/\/www.driveterceira.com\/pt-pt\/wp-json\/wp\/v2\/types\/post"}],"author":[{"embeddable":true,"href":"https:\/\/www.driveterceira.com\/pt-pt\/wp-json\/wp\/v2\/users\/1"}],"replies":[{"embeddable":true,"href":"https:\/\/www.driveterceira.com\/pt-pt\/wp-json\/wp\/v2\/comments?post=354"}],"version-history":[{"count":3,"href":"https:\/\/www.driveterceira.com\/pt-pt\/wp-json\/wp\/v2\/posts\/354\/revisions"}],"predecessor-version":[{"id":945,"href":"https:\/\/www.driveterceira.com\/pt-pt\/wp-json\/wp\/v2\/posts\/354\/revisions\/945"}],"wp:featuredmedia":[{"embeddable":true,"href":"https:\/\/www.driveterceira.com\/pt-pt\/wp-json\/wp\/v2\/media\/374"}],"wp:attachment":[{"href":"https:\/\/www.driveterceira.com\/pt-pt\/wp-json\/wp\/v2\/media?parent=354"}],"wp:term":[{"taxonomy":"category","embeddable":true,"href":"https:\/\/www.driveterceira.com\/pt-pt\/wp-json\/wp\/v2\/categories?post=354"},{"taxonomy":"post_tag","embeddable":true,"href":"https:\/\/www.driveterceira.com\/pt-pt\/wp-json\/wp\/v2\/tags?post=354"}],"curies":[{"name":"wp","href":"https:\/\/api.w.org\/{rel}","templated":true}]}}