{"id":907,"date":"2026-04-10T19:56:40","date_gmt":"2026-04-10T19:56:40","guid":{"rendered":"https:\/\/www.driveterceira.com\/?p=907"},"modified":"2026-04-10T20:18:16","modified_gmt":"2026-04-10T20:18:16","slug":"olavo-esteves-terceira-acores-ralis","status":"publish","type":"post","link":"https:\/\/www.driveterceira.com\/pt-pt\/olavo-esteves-terceira-acores-ralis\/","title":{"rendered":"Olavo Esteves: As Estradas que Construiu Ainda Levam o Seu Nome"},"content":{"rendered":"\n<h2 class=\"wp-block-heading\"><em>Na Praia da Vit\u00f3ria, os ralis seguem em frente, mas n\u00e3o sem olhar para tr\u00e1s.<\/em><\/h2>\n\n\n\n<figure class=\"wp-block-image size-large\"><img loading=\"lazy\" decoding=\"async\" width=\"1024\" height=\"605\" src=\"https:\/\/www.driveterceira.com\/wp-content\/uploads\/2026\/04\/Drive-Terceira-Olavo-Esteves-Rali-da-Praia-Terceira-Azores-3-1-1024x605.jpg\" alt=\"Carro de rali em estrada de terra na ilha Terceira durante o Rali da Praia rodeado por hort\u00eansias e paisagem verde\" class=\"wp-image-908\" srcset=\"https:\/\/www.driveterceira.com\/wp-content\/uploads\/2026\/04\/Drive-Terceira-Olavo-Esteves-Rali-da-Praia-Terceira-Azores-3-1-980x579.jpg 980w, https:\/\/www.driveterceira.com\/wp-content\/uploads\/2026\/04\/Drive-Terceira-Olavo-Esteves-Rali-da-Praia-Terceira-Azores-3-1-480x283.jpg 480w\" sizes=\"(min-width: 0px) and (max-width: 480px) 480px, (min-width: 481px) and (max-width: 980px) 980px, (min-width: 981px) 1024px, 100vw\" \/><figcaption class=\"wp-element-caption\">Olava Esteves ~2011<\/figcaption><\/figure>\n\n\n\n<p>Na Terceira, os ralis nunca foram s\u00f3 um desporto. S\u00e3o sustentados, ano ap\u00f3s ano, por pessoas que se dedicam a constru\u00ed-los, proteg\u00ea-los e pass\u00e1-los \u00e0s gera\u00e7\u00f5es seguintes. Durante d\u00e9cadas, uma dessas pessoas foi Olavo Esteves.<\/p>\n\n\n\n<p>Fez parte do desporto quando este ainda se afirmava localmente e permaneceu \u00e0 medida que evolu\u00eda para algo mais estruturado, mais competitivo e mais vis\u00edvel. Numa ilha onde o desporto motorizado depende menos da escala e mais do compromisso, esse tipo de continuidade n\u00e3o acontece por acaso, \u00e9 fundamental.<\/p>\n\n\n\n<p>Come\u00e7ou ao volante e rapidamente demonstrou que pertencia ali. Competindo na categoria F\u00f3rmula 2 dos A\u00e7ores, tornou-se tricampe\u00e3o regional, reconhecido n\u00e3o apenas pelas vit\u00f3rias, mas pela forma como corria. Era met\u00f3dico, preciso e profundamente ligado \u00e0s exigentes estradas da ilha, e h\u00e1 relatos da \u00e9poca que o descrevem como um piloto capaz de controlar provas com consist\u00eancia e ritmo, construindo resultados ao longo do tempo.<\/p>\n\n\n\n<p>Mas aquilo que o definiu n\u00e3o foi apenas a forma como competiu. Foi o que escolheu fazer depois. Com o passar dos anos, fez algo que poucos fazem: ficou e construiu. Passou de piloto a organizador, de participante a impulsionador, ajudando a criar as condi\u00e7\u00f5es que permitiram o crescimento dos ralis na Terceira. Atrav\u00e9s do seu trabalho em eventos, equipas e iniciativas locais, incluindo o seu pr\u00f3prio projeto, o OEC \u2013 Olavo Esteves Competi\u00e7\u00f5es, contribuiu de forma decisiva para a estrutura que hoje sustenta o desporto na ilha.<\/p>\n\n\n\n<p>Era conhecido pela forma discreta mas determinada com que se mantinha presente. Nem sempre no centro das aten\u00e7\u00f5es, mas quase sempre no centro do que fazia acontecer.<\/p>\n\n\n\n<p>O Terceira Autom\u00f3vel Clube viria mais tarde a reconhec\u00ea-lo como uma figura marcante do desporto motorizado local. Esse reconhecimento n\u00e3o se prende com um \u00fanico momento, mas com anos de presen\u00e7a cont\u00ednua. Manteve-se ativo durante d\u00e9cadas, organizando, apoiando e fazendo avan\u00e7ar o desporto de formas muitas vezes invis\u00edveis, mas sempre essenciais.<\/p>\n\n\n\n<p>Esse esfor\u00e7o n\u00e3o se limitou a manter o que j\u00e1 existia. Tamb\u00e9m procurou expandir o que os ralis podiam ser na Terceira. Esteve por detr\u00e1s de iniciativas como o Ladies Rally Trophy A\u00e7ores, uma competi\u00e7\u00e3o exclusivamente feminina, um formato pouco comum na altura que ajudou a abrir o desporto a novos participantes e perspetivas. Promoveu tamb\u00e9m eventos como o Praia da Vit\u00f3ria Motor Show, onde diferentes disciplinas e formatos se cruzaram, trazendo nova energia e novos p\u00fablicos ao desporto motorizado local.<\/p>\n\n\n\n<p>Estas n\u00e3o foram pequenas mudan\u00e7as. Foram escolhas deliberadas, com impacto real. Procurou alargar o desporto, tornar poss\u00edvel a entrada de novos participantes e criar espa\u00e7o para que diferentes formas de viver o automobilismo encontrassem lugar na ilha. Neste sentido, Esteves n\u00e3o se limitou a manter os ralis. Ajudou a reinvent\u00e1-los.<\/p>\n\n\n\n<p>Quando faleceu em dezembro de 2025, a rea\u00e7\u00e3o na Terceira refletiu esse impacto mais amplo. Clubes, organizadores e concorrentes falaram n\u00e3o apenas das suas conquistas, mas da sua presen\u00e7a. Durante tanto tempo fez parte do desporto que se tornou dif\u00edcil separ\u00e1-los, e a sua aus\u00eancia n\u00e3o foi abstrata, foi sentida.<\/p>\n\n\n\n<p>Poucos meses depois, a Praia da Vit\u00f3ria acolhe o seu primeiro rali oficial: Rali da Praia 2026. <br><br>Para o concelho, trata-se de um in\u00edcio, mas dentro da pr\u00f3pria prova existe tamb\u00e9m um reconhecimento claro do que a tornou poss\u00edvel. A especial de abertura leva o seu nome, uma homenagem discreta mas significativa ao seu contributo para o desenvolvimento do desporto local. Esta primeira edi\u00e7\u00e3o re\u00fane 37 equipas e reflete uma estrutura de ralis em amadurecimento na ilha, constru\u00edda atrav\u00e9s da colabora\u00e7\u00e3o entre organiza\u00e7\u00f5es locais e figuras que h\u00e1 muito contribuem para o desporto.<\/p>\n\n\n\n<figure class=\"wp-block-image size-large\"><img loading=\"lazy\" decoding=\"async\" width=\"1024\" height=\"1024\" src=\"https:\/\/www.driveterceira.com\/wp-content\/uploads\/2026\/04\/Drive-Terceira-Olavo-Esteves-Catarina-Esteves-Pedroso-Beatriz-Esteves-2016-2-1024x1024.jpeg\" alt=\"\" class=\"wp-image-912\" srcset=\"https:\/\/www.driveterceira.com\/wp-content\/uploads\/2026\/04\/Drive-Terceira-Olavo-Esteves-Catarina-Esteves-Pedroso-Beatriz-Esteves-2016-2-1024x1024.jpeg 1024w, https:\/\/www.driveterceira.com\/wp-content\/uploads\/2026\/04\/Drive-Terceira-Olavo-Esteves-Catarina-Esteves-Pedroso-Beatriz-Esteves-2016-2-980x980.jpeg 980w, https:\/\/www.driveterceira.com\/wp-content\/uploads\/2026\/04\/Drive-Terceira-Olavo-Esteves-Catarina-Esteves-Pedroso-Beatriz-Esteves-2016-2-480x480.jpeg 480w\" sizes=\"(min-width: 0px) and (max-width: 480px) 480px, (min-width: 481px) and (max-width: 980px) 980px, (min-width: 981px) 1024px, 100vw\" \/><\/figure>\n\n\n\n<p>Entre os participantes est\u00e3o as suas filhas, Catarina Esteves Pedroso e Beatriz Esteves, que competem juntas como piloto e navegadora.<\/p>\n\n\n\n<p>Para Catarina, levar o carro para a estrada \u00e9 tamb\u00e9m levar consigo tudo aquilo que aprendeu com o pai. \u201cO meu pai benzia-se sempre e eu fa\u00e7o o mesmo\u201d, conta. \u201cEle dizia muitas vezes: \u2018em caso de d\u00favida acelera, acredita que j\u00e1 passou\u2019, e isso vai sempre na minha mente.\u201d As mem\u00f3rias que guarda s\u00e3o vivas e concretas: recorda-o no final de um tro\u00e7o, no meio da estrada, de auriculares nos ouvidos a acompanhar os tempos pela r\u00e1dio, de bra\u00e7os no ar a festejar.<\/p>\n\n\n\n<p>Mas a liga\u00e7\u00e3o ao desporto come\u00e7ou muito antes de estar dentro de um carro. Catarina lembra-se de ser pequena e passar ser\u00f5es na oficina, sentada no ch\u00e3o sobre um peda\u00e7o de cart\u00e3o, enquanto o pai preparava o carro. Brincava com pe\u00e7as velhas e ferramentas sujas e, como diz, sempre preferiu isso a brincar com bonecas.<\/p>\n\n\n\n<p>Para Beatriz, o significado deste momento \u00e9 ainda mais profundo. \u201cN\u00e3o estamos aqui pela competi\u00e7\u00e3o, estamos aqui por ele\u201d, explica. \u201cCada quil\u00f3metro \u00e9 uma forma de o lembrar, de honrar tudo o que fez e de manter vivo o seu legado nos desportos motorizados.\u201d Competir ao lado da irm\u00e3 refor\u00e7a esse sentimento, n\u00e3o apenas como equipa, mas como fam\u00edlia. \u201cEstamos juntas a celebrar o pai que tivemos e a nossa uni\u00e3o, que de alguma forma ameniza a dor da sua partida.\u201d<\/p>\n\n\n\n<p>As mem\u00f3rias que guarda mostram um lado mais silencioso, longe do olhar p\u00fablico dos ralis. Recorda-o em dias de evento, no meio do caos, com tudo a depender dele e in\u00fameras responsabilidades a exigir-lhe aten\u00e7\u00e3o, e ainda assim a encontrar forma de parar. Encostava-se \u00e0 cancela a v\u00ea-la dar voltas de kart, em sil\u00eancio, apenas a observar. N\u00e3o era um homem de muitas palavras, nem expressava facilmente o que sentia, mas n\u00e3o era preciso. Sabia pelo olhar, pela forma como fazia quest\u00e3o de estar ali, que aquilo o deixava orgulhoso. \u00c9 essa presen\u00e7a que permanece.<\/p>\n\n\n\n<p>H\u00e1 uma forma discreta como o legado funciona em lugares como este. N\u00e3o se define pela escala ou pela visibilidade, mas pela continuidade, pelo que permanece ativo, por quem continua presente e por como o desporto \u00e9 transmitido de gera\u00e7\u00e3o em gera\u00e7\u00e3o. Olavo Esteves ajudou a construir os ralis na Praia da Vit\u00f3ria muito antes de o concelho ter uma prova pr\u00f3pria, e agora que esse rali come\u00e7a, o seu nome faz parte dele, n\u00e3o apenas na mem\u00f3ria, mas na pr\u00f3pria estrutura do evento e nas pessoas que nele participam.<\/p>\n\n\n\n<p><font dir=\"auto\" style=\"vertical-align: inherit;\"><font dir=\"auto\" style=\"vertical-align: inherit;\">The roads are the same. The sound is the same. What has changed is who is now behind the wheel. And in Praia da Vit\u00f3ria, this continuity is no longer a memory. It&#8217;s in motion.<\/font><\/font><\/p>\n\n\n\n<figure class=\"wp-block-image size-full\"><img loading=\"lazy\" decoding=\"async\" width=\"900\" height=\"870\" src=\"https:\/\/www.driveterceira.com\/wp-content\/uploads\/2026\/04\/Drive-Terceira-Rali-da-Praia-Sponsor-Catarina-Beatriz-Olavo-Esteves-1.jpg\" alt=\"Drive Terceira- Rali da Praia Sponsor- Catarina-Beatriz- Olavo Esteves\" class=\"wp-image-919\" srcset=\"https:\/\/www.driveterceira.com\/wp-content\/uploads\/2026\/04\/Drive-Terceira-Rali-da-Praia-Sponsor-Catarina-Beatriz-Olavo-Esteves-1.jpg 900w, https:\/\/www.driveterceira.com\/wp-content\/uploads\/2026\/04\/Drive-Terceira-Rali-da-Praia-Sponsor-Catarina-Beatriz-Olavo-Esteves-1-480x464.jpg 480w\" sizes=\"(min-width: 0px) and (max-width: 480px) 480px, (min-width: 481px) 900px, 100vw\" \/><\/figure>\n\n\n\n<p>A pedido de <strong>Catarina Esteves Pedroso<\/strong> e <strong>Beatriz Esteves<\/strong>, deixam um agradecimento especial a <strong>F\u00e1bio Riqueza<\/strong>, propriet\u00e1rio e respons\u00e1vel pela prepara\u00e7\u00e3o da viatura, cujo apoio foi fundamental para tornar poss\u00edvel a sua participa\u00e7\u00e3o neste rali.<\/p>\n\n\n\n<p>Deixam tamb\u00e9m um agradecimento aos patrocinadores que estiveram ao seu lado: <strong>Drive Terceira<\/strong>, Click Ernesto Photography, Concerta, Titauto, Autocanto, Reboques Praia, Delman, Gandalata &amp; Ventos, bem como a outros parceiros que preferem manter-se no anonimato, e aos muitos amigos que ajudaram a tornar este projeto poss\u00edvel.<\/p>\n","protected":false},"excerpt":{"rendered":"<p>Na Praia da Vit\u00f3ria, os ralis seguem em frente, mas n\u00e3o sem olhar para tr\u00e1s. Na Terceira, os ralis nunca foram s\u00f3 um desporto. S\u00e3o sustentados, ano ap\u00f3s ano, por pessoas que se dedicam a constru\u00ed-los, proteg\u00ea-los e pass\u00e1-los \u00e0s gera\u00e7\u00f5es seguintes. Durante d\u00e9cadas, uma dessas pessoas foi Olavo Esteves. Fez parte do desporto quando [&hellip;]<\/p>\n","protected":false},"author":2,"featured_media":908,"comment_status":"closed","ping_status":"closed","sticky":false,"template":"","format":"standard","meta":{"_et_pb_use_builder":"off","_et_pb_old_content":"","_et_gb_content_width":"","footnotes":""},"categories":[1],"tags":[],"class_list":["post-907","post","type-post","status-publish","format-standard","has-post-thumbnail","hentry","category-sem-categoria"],"yoast_head":"<!-- This site is optimized with the Yoast SEO plugin v27.4 - https:\/\/yoast.com\/product\/yoast-seo-wordpress\/ -->\n<title>Olavo Esteves e o Rali da Praia | Ralis na Terceira A\u00e7ores<\/title>\n<meta name=\"description\" content=\"A hist\u00f3ria de Olavo Esteves e o seu impacto nos ralis da Terceira, enquanto as filhas homenageiam o seu legado no Rali da Praia, nos A\u00e7ores.\" \/>\n<meta name=\"robots\" content=\"index, follow, max-snippet:-1, max-image-preview:large, max-video-preview:-1\" \/>\n<link rel=\"canonical\" href=\"https:\/\/www.driveterceira.com\/pt-pt\/olavo-esteves-terceira-acores-ralis\/\" \/>\n<meta property=\"og:locale\" content=\"pt_PT\" \/>\n<meta property=\"og:type\" content=\"article\" \/>\n<meta property=\"og:title\" content=\"Olavo Esteves e o Rali da Praia | Ralis na Terceira A\u00e7ores\" \/>\n<meta property=\"og:description\" content=\"A hist\u00f3ria de Olavo Esteves e o seu impacto nos ralis da Terceira, enquanto as filhas homenageiam o seu legado no Rali da Praia, nos A\u00e7ores.\" \/>\n<meta property=\"og:url\" content=\"https:\/\/www.driveterceira.com\/pt-pt\/olavo-esteves-terceira-acores-ralis\/\" \/>\n<meta property=\"og:site_name\" content=\"Drive Terceira\" \/>\n<meta property=\"article:published_time\" content=\"2026-04-10T19:56:40+00:00\" \/>\n<meta property=\"article:modified_time\" content=\"2026-04-10T20:18:16+00:00\" \/>\n<meta property=\"og:image\" content=\"https:\/\/www.driveterceira.com\/wp-content\/uploads\/2026\/04\/Drive-Terceira-Olavo-Esteves-Rali-da-Praia-Terceira-Azores-3-1.jpg\" \/>\n\t<meta property=\"og:image:width\" content=\"2048\" \/>\n\t<meta property=\"og:image:height\" content=\"1209\" \/>\n\t<meta property=\"og:image:type\" content=\"image\/jpeg\" \/>\n<meta name=\"author\" content=\"Jason\" \/>\n<meta name=\"twitter:card\" content=\"summary_large_image\" \/>\n<meta name=\"twitter:label1\" content=\"Escrito por\" \/>\n\t<meta name=\"twitter:data1\" content=\"Jason\" \/>\n\t<meta name=\"twitter:label2\" content=\"Tempo estimado de leitura\" \/>\n\t<meta name=\"twitter:data2\" content=\"6 minutos\" \/>\n<script type=\"application\/ld+json\" class=\"yoast-schema-graph\">{\"@context\":\"https:\\\/\\\/schema.org\",\"@graph\":[{\"@type\":\"Article\",\"@id\":\"https:\\\/\\\/www.driveterceira.com\\\/pt-pt\\\/olavo-esteves-terceira-acores-ralis\\\/#article\",\"isPartOf\":{\"@id\":\"https:\\\/\\\/www.driveterceira.com\\\/pt-pt\\\/olavo-esteves-terceira-acores-ralis\\\/\"},\"author\":{\"name\":\"Jason\",\"@id\":\"https:\\\/\\\/www.driveterceira.com\\\/pt-pt\\\/#\\\/schema\\\/person\\\/66f52d98db69aedc869aa990e61bfd57\"},\"headline\":\"Olavo Esteves: As Estradas que Construiu Ainda Levam o Seu Nome\",\"datePublished\":\"2026-04-10T19:56:40+00:00\",\"dateModified\":\"2026-04-10T20:18:16+00:00\",\"mainEntityOfPage\":{\"@id\":\"https:\\\/\\\/www.driveterceira.com\\\/pt-pt\\\/olavo-esteves-terceira-acores-ralis\\\/\"},\"wordCount\":1265,\"publisher\":{\"@id\":\"https:\\\/\\\/www.driveterceira.com\\\/pt-pt\\\/#organization\"},\"image\":{\"@id\":\"https:\\\/\\\/www.driveterceira.com\\\/pt-pt\\\/olavo-esteves-terceira-acores-ralis\\\/#primaryimage\"},\"thumbnailUrl\":\"https:\\\/\\\/www.driveterceira.com\\\/wp-content\\\/uploads\\\/2026\\\/04\\\/Drive-Terceira-Olavo-Esteves-Rali-da-Praia-Terceira-Azores-3-1.jpg\",\"inLanguage\":\"pt-PT\"},{\"@type\":\"WebPage\",\"@id\":\"https:\\\/\\\/www.driveterceira.com\\\/pt-pt\\\/olavo-esteves-terceira-acores-ralis\\\/\",\"url\":\"https:\\\/\\\/www.driveterceira.com\\\/pt-pt\\\/olavo-esteves-terceira-acores-ralis\\\/\",\"name\":\"Olavo Esteves e o Rali da Praia | Ralis na Terceira A\u00e7ores\",\"isPartOf\":{\"@id\":\"https:\\\/\\\/www.driveterceira.com\\\/pt-pt\\\/#website\"},\"primaryImageOfPage\":{\"@id\":\"https:\\\/\\\/www.driveterceira.com\\\/pt-pt\\\/olavo-esteves-terceira-acores-ralis\\\/#primaryimage\"},\"image\":{\"@id\":\"https:\\\/\\\/www.driveterceira.com\\\/pt-pt\\\/olavo-esteves-terceira-acores-ralis\\\/#primaryimage\"},\"thumbnailUrl\":\"https:\\\/\\\/www.driveterceira.com\\\/wp-content\\\/uploads\\\/2026\\\/04\\\/Drive-Terceira-Olavo-Esteves-Rali-da-Praia-Terceira-Azores-3-1.jpg\",\"datePublished\":\"2026-04-10T19:56:40+00:00\",\"dateModified\":\"2026-04-10T20:18:16+00:00\",\"description\":\"A hist\u00f3ria de Olavo Esteves e o seu impacto nos ralis da Terceira, enquanto as filhas homenageiam o seu legado no Rali da Praia, nos A\u00e7ores.\",\"breadcrumb\":{\"@id\":\"https:\\\/\\\/www.driveterceira.com\\\/pt-pt\\\/olavo-esteves-terceira-acores-ralis\\\/#breadcrumb\"},\"inLanguage\":\"pt-PT\",\"potentialAction\":[{\"@type\":\"ReadAction\",\"target\":[\"https:\\\/\\\/www.driveterceira.com\\\/pt-pt\\\/olavo-esteves-terceira-acores-ralis\\\/\"]}]},{\"@type\":\"ImageObject\",\"inLanguage\":\"pt-PT\",\"@id\":\"https:\\\/\\\/www.driveterceira.com\\\/pt-pt\\\/olavo-esteves-terceira-acores-ralis\\\/#primaryimage\",\"url\":\"https:\\\/\\\/www.driveterceira.com\\\/wp-content\\\/uploads\\\/2026\\\/04\\\/Drive-Terceira-Olavo-Esteves-Rali-da-Praia-Terceira-Azores-3-1.jpg\",\"contentUrl\":\"https:\\\/\\\/www.driveterceira.com\\\/wp-content\\\/uploads\\\/2026\\\/04\\\/Drive-Terceira-Olavo-Esteves-Rali-da-Praia-Terceira-Azores-3-1.jpg\",\"width\":2048,\"height\":1209,\"caption\":\"Um carro de rali percorre uma estrada ladeada por hort\u00eansias na ilha Terceira durante o Rali da Praia, refletindo a liga\u00e7\u00e3o entre a paisagem a\u00e7oriana e o desporto motorizado.\"},{\"@type\":\"BreadcrumbList\",\"@id\":\"https:\\\/\\\/www.driveterceira.com\\\/pt-pt\\\/olavo-esteves-terceira-acores-ralis\\\/#breadcrumb\",\"itemListElement\":[{\"@type\":\"ListItem\",\"position\":1,\"name\":\"Home\",\"item\":\"https:\\\/\\\/www.driveterceira.com\\\/pt-pt\\\/\"},{\"@type\":\"ListItem\",\"position\":2,\"name\":\"Olavo Esteves: As Estradas que Construiu Ainda Levam o Seu Nome\"}]},{\"@type\":\"WebSite\",\"@id\":\"https:\\\/\\\/www.driveterceira.com\\\/pt-pt\\\/#website\",\"url\":\"https:\\\/\\\/www.driveterceira.com\\\/pt-pt\\\/\",\"name\":\"Drive Terceira\",\"description\":\"Rent-a-Car in Terceira Island, Azores\",\"publisher\":{\"@id\":\"https:\\\/\\\/www.driveterceira.com\\\/pt-pt\\\/#organization\"},\"potentialAction\":[{\"@type\":\"SearchAction\",\"target\":{\"@type\":\"EntryPoint\",\"urlTemplate\":\"https:\\\/\\\/www.driveterceira.com\\\/pt-pt\\\/?s={search_term_string}\"},\"query-input\":{\"@type\":\"PropertyValueSpecification\",\"valueRequired\":true,\"valueName\":\"search_term_string\"}}],\"inLanguage\":\"pt-PT\"},{\"@type\":\"Organization\",\"@id\":\"https:\\\/\\\/www.driveterceira.com\\\/pt-pt\\\/#organization\",\"name\":\"Drive Terceira\",\"url\":\"https:\\\/\\\/www.driveterceira.com\\\/pt-pt\\\/\",\"logo\":{\"@type\":\"ImageObject\",\"inLanguage\":\"pt-PT\",\"@id\":\"https:\\\/\\\/www.driveterceira.com\\\/pt-pt\\\/#\\\/schema\\\/logo\\\/image\\\/\",\"url\":\"https:\\\/\\\/www.driveterceira.com\\\/wp-content\\\/uploads\\\/2025\\\/05\\\/logo.png\",\"contentUrl\":\"https:\\\/\\\/www.driveterceira.com\\\/wp-content\\\/uploads\\\/2025\\\/05\\\/logo.png\",\"width\":500,\"height\":92,\"caption\":\"Drive Terceira\"},\"image\":{\"@id\":\"https:\\\/\\\/www.driveterceira.com\\\/pt-pt\\\/#\\\/schema\\\/logo\\\/image\\\/\"}},{\"@type\":\"Person\",\"@id\":\"https:\\\/\\\/www.driveterceira.com\\\/pt-pt\\\/#\\\/schema\\\/person\\\/66f52d98db69aedc869aa990e61bfd57\",\"name\":\"Jason\",\"image\":{\"@type\":\"ImageObject\",\"inLanguage\":\"pt-PT\",\"@id\":\"https:\\\/\\\/secure.gravatar.com\\\/avatar\\\/9a64e169611890e3947be4f9a790fd974525f4ac858f887bff0773ebb09ca4c9?s=96&d=mm&r=g\",\"url\":\"https:\\\/\\\/secure.gravatar.com\\\/avatar\\\/9a64e169611890e3947be4f9a790fd974525f4ac858f887bff0773ebb09ca4c9?s=96&d=mm&r=g\",\"contentUrl\":\"https:\\\/\\\/secure.gravatar.com\\\/avatar\\\/9a64e169611890e3947be4f9a790fd974525f4ac858f887bff0773ebb09ca4c9?s=96&d=mm&r=g\",\"caption\":\"Jason\"},\"url\":\"https:\\\/\\\/www.driveterceira.com\\\/pt-pt\\\/author\\\/jasondriveterceira-com\\\/\"}]}<\/script>\n<!-- \/ Yoast SEO plugin. -->","yoast_head_json":{"title":"Olavo Esteves e o Rali da Praia | Ralis na Terceira A\u00e7ores","description":"A hist\u00f3ria de Olavo Esteves e o seu impacto nos ralis da Terceira, enquanto as filhas homenageiam o seu legado no Rali da Praia, nos A\u00e7ores.","robots":{"index":"index","follow":"follow","max-snippet":"max-snippet:-1","max-image-preview":"max-image-preview:large","max-video-preview":"max-video-preview:-1"},"canonical":"https:\/\/www.driveterceira.com\/pt-pt\/olavo-esteves-terceira-acores-ralis\/","og_locale":"pt_PT","og_type":"article","og_title":"Olavo Esteves e o Rali da Praia | Ralis na Terceira A\u00e7ores","og_description":"A hist\u00f3ria de Olavo Esteves e o seu impacto nos ralis da Terceira, enquanto as filhas homenageiam o seu legado no Rali da Praia, nos A\u00e7ores.","og_url":"https:\/\/www.driveterceira.com\/pt-pt\/olavo-esteves-terceira-acores-ralis\/","og_site_name":"Drive Terceira","article_published_time":"2026-04-10T19:56:40+00:00","article_modified_time":"2026-04-10T20:18:16+00:00","og_image":[{"width":2048,"height":1209,"url":"https:\/\/www.driveterceira.com\/wp-content\/uploads\/2026\/04\/Drive-Terceira-Olavo-Esteves-Rali-da-Praia-Terceira-Azores-3-1.jpg","type":"image\/jpeg"}],"author":"Jason","twitter_card":"summary_large_image","twitter_misc":{"Escrito por":"Jason","Tempo estimado de leitura":"6 minutos"},"schema":{"@context":"https:\/\/schema.org","@graph":[{"@type":"Article","@id":"https:\/\/www.driveterceira.com\/pt-pt\/olavo-esteves-terceira-acores-ralis\/#article","isPartOf":{"@id":"https:\/\/www.driveterceira.com\/pt-pt\/olavo-esteves-terceira-acores-ralis\/"},"author":{"name":"Jason","@id":"https:\/\/www.driveterceira.com\/pt-pt\/#\/schema\/person\/66f52d98db69aedc869aa990e61bfd57"},"headline":"Olavo Esteves: As Estradas que Construiu Ainda Levam o Seu Nome","datePublished":"2026-04-10T19:56:40+00:00","dateModified":"2026-04-10T20:18:16+00:00","mainEntityOfPage":{"@id":"https:\/\/www.driveterceira.com\/pt-pt\/olavo-esteves-terceira-acores-ralis\/"},"wordCount":1265,"publisher":{"@id":"https:\/\/www.driveterceira.com\/pt-pt\/#organization"},"image":{"@id":"https:\/\/www.driveterceira.com\/pt-pt\/olavo-esteves-terceira-acores-ralis\/#primaryimage"},"thumbnailUrl":"https:\/\/www.driveterceira.com\/wp-content\/uploads\/2026\/04\/Drive-Terceira-Olavo-Esteves-Rali-da-Praia-Terceira-Azores-3-1.jpg","inLanguage":"pt-PT"},{"@type":"WebPage","@id":"https:\/\/www.driveterceira.com\/pt-pt\/olavo-esteves-terceira-acores-ralis\/","url":"https:\/\/www.driveterceira.com\/pt-pt\/olavo-esteves-terceira-acores-ralis\/","name":"Olavo Esteves e o Rali da Praia | Ralis na Terceira A\u00e7ores","isPartOf":{"@id":"https:\/\/www.driveterceira.com\/pt-pt\/#website"},"primaryImageOfPage":{"@id":"https:\/\/www.driveterceira.com\/pt-pt\/olavo-esteves-terceira-acores-ralis\/#primaryimage"},"image":{"@id":"https:\/\/www.driveterceira.com\/pt-pt\/olavo-esteves-terceira-acores-ralis\/#primaryimage"},"thumbnailUrl":"https:\/\/www.driveterceira.com\/wp-content\/uploads\/2026\/04\/Drive-Terceira-Olavo-Esteves-Rali-da-Praia-Terceira-Azores-3-1.jpg","datePublished":"2026-04-10T19:56:40+00:00","dateModified":"2026-04-10T20:18:16+00:00","description":"A hist\u00f3ria de Olavo Esteves e o seu impacto nos ralis da Terceira, enquanto as filhas homenageiam o seu legado no Rali da Praia, nos A\u00e7ores.","breadcrumb":{"@id":"https:\/\/www.driveterceira.com\/pt-pt\/olavo-esteves-terceira-acores-ralis\/#breadcrumb"},"inLanguage":"pt-PT","potentialAction":[{"@type":"ReadAction","target":["https:\/\/www.driveterceira.com\/pt-pt\/olavo-esteves-terceira-acores-ralis\/"]}]},{"@type":"ImageObject","inLanguage":"pt-PT","@id":"https:\/\/www.driveterceira.com\/pt-pt\/olavo-esteves-terceira-acores-ralis\/#primaryimage","url":"https:\/\/www.driveterceira.com\/wp-content\/uploads\/2026\/04\/Drive-Terceira-Olavo-Esteves-Rali-da-Praia-Terceira-Azores-3-1.jpg","contentUrl":"https:\/\/www.driveterceira.com\/wp-content\/uploads\/2026\/04\/Drive-Terceira-Olavo-Esteves-Rali-da-Praia-Terceira-Azores-3-1.jpg","width":2048,"height":1209,"caption":"Um carro de rali percorre uma estrada ladeada por hort\u00eansias na ilha Terceira durante o Rali da Praia, refletindo a liga\u00e7\u00e3o entre a paisagem a\u00e7oriana e o desporto motorizado."},{"@type":"BreadcrumbList","@id":"https:\/\/www.driveterceira.com\/pt-pt\/olavo-esteves-terceira-acores-ralis\/#breadcrumb","itemListElement":[{"@type":"ListItem","position":1,"name":"Home","item":"https:\/\/www.driveterceira.com\/pt-pt\/"},{"@type":"ListItem","position":2,"name":"Olavo Esteves: As Estradas que Construiu Ainda Levam o Seu Nome"}]},{"@type":"WebSite","@id":"https:\/\/www.driveterceira.com\/pt-pt\/#website","url":"https:\/\/www.driveterceira.com\/pt-pt\/","name":"Drive Terceira","description":"Rent-a-Car in Terceira Island, Azores","publisher":{"@id":"https:\/\/www.driveterceira.com\/pt-pt\/#organization"},"potentialAction":[{"@type":"SearchAction","target":{"@type":"EntryPoint","urlTemplate":"https:\/\/www.driveterceira.com\/pt-pt\/?s={search_term_string}"},"query-input":{"@type":"PropertyValueSpecification","valueRequired":true,"valueName":"search_term_string"}}],"inLanguage":"pt-PT"},{"@type":"Organization","@id":"https:\/\/www.driveterceira.com\/pt-pt\/#organization","name":"Drive Terceira","url":"https:\/\/www.driveterceira.com\/pt-pt\/","logo":{"@type":"ImageObject","inLanguage":"pt-PT","@id":"https:\/\/www.driveterceira.com\/pt-pt\/#\/schema\/logo\/image\/","url":"https:\/\/www.driveterceira.com\/wp-content\/uploads\/2025\/05\/logo.png","contentUrl":"https:\/\/www.driveterceira.com\/wp-content\/uploads\/2025\/05\/logo.png","width":500,"height":92,"caption":"Drive Terceira"},"image":{"@id":"https:\/\/www.driveterceira.com\/pt-pt\/#\/schema\/logo\/image\/"}},{"@type":"Person","@id":"https:\/\/www.driveterceira.com\/pt-pt\/#\/schema\/person\/66f52d98db69aedc869aa990e61bfd57","name":"Jason","image":{"@type":"ImageObject","inLanguage":"pt-PT","@id":"https:\/\/secure.gravatar.com\/avatar\/9a64e169611890e3947be4f9a790fd974525f4ac858f887bff0773ebb09ca4c9?s=96&d=mm&r=g","url":"https:\/\/secure.gravatar.com\/avatar\/9a64e169611890e3947be4f9a790fd974525f4ac858f887bff0773ebb09ca4c9?s=96&d=mm&r=g","contentUrl":"https:\/\/secure.gravatar.com\/avatar\/9a64e169611890e3947be4f9a790fd974525f4ac858f887bff0773ebb09ca4c9?s=96&d=mm&r=g","caption":"Jason"},"url":"https:\/\/www.driveterceira.com\/pt-pt\/author\/jasondriveterceira-com\/"}]}},"_links":{"self":[{"href":"https:\/\/www.driveterceira.com\/pt-pt\/wp-json\/wp\/v2\/posts\/907","targetHints":{"allow":["GET"]}}],"collection":[{"href":"https:\/\/www.driveterceira.com\/pt-pt\/wp-json\/wp\/v2\/posts"}],"about":[{"href":"https:\/\/www.driveterceira.com\/pt-pt\/wp-json\/wp\/v2\/types\/post"}],"author":[{"embeddable":true,"href":"https:\/\/www.driveterceira.com\/pt-pt\/wp-json\/wp\/v2\/users\/2"}],"replies":[{"embeddable":true,"href":"https:\/\/www.driveterceira.com\/pt-pt\/wp-json\/wp\/v2\/comments?post=907"}],"version-history":[{"count":4,"href":"https:\/\/www.driveterceira.com\/pt-pt\/wp-json\/wp\/v2\/posts\/907\/revisions"}],"predecessor-version":[{"id":920,"href":"https:\/\/www.driveterceira.com\/pt-pt\/wp-json\/wp\/v2\/posts\/907\/revisions\/920"}],"wp:featuredmedia":[{"embeddable":true,"href":"https:\/\/www.driveterceira.com\/pt-pt\/wp-json\/wp\/v2\/media\/908"}],"wp:attachment":[{"href":"https:\/\/www.driveterceira.com\/pt-pt\/wp-json\/wp\/v2\/media?parent=907"}],"wp:term":[{"taxonomy":"category","embeddable":true,"href":"https:\/\/www.driveterceira.com\/pt-pt\/wp-json\/wp\/v2\/categories?post=907"},{"taxonomy":"post_tag","embeddable":true,"href":"https:\/\/www.driveterceira.com\/pt-pt\/wp-json\/wp\/v2\/tags?post=907"}],"curies":[{"name":"wp","href":"https:\/\/api.w.org\/{rel}","templated":true}]}}